{"id":22792,"date":"2021-05-31T12:21:20","date_gmt":"2021-05-31T15:21:20","guid":{"rendered":"http:\/\/www.centraldenoticias.com.ar\/?p=22792"},"modified":"2021-05-31T12:21:20","modified_gmt":"2021-05-31T15:21:20","slug":"rendicion-de-cuentas-propuestas-ausencias-y-expectativas","status":"publish","type":"post","link":"https:\/\/cdnoticias.com\/index.php\/2021\/05\/31\/rendicion-de-cuentas-propuestas-ausencias-y-expectativas\/","title":{"rendered":"Rendici\u00f3n de cuentas: propuestas, ausencias y expectativas"},"content":{"rendered":"<p>La discusi\u00f3n rondar\u00e1 en torno a la gesti\u00f3n de Galli durante 2020, toda la pandemia. Si bien hubo una llamativa ausencia, se explicaron las razones.\u00a0<!--more--><\/p>\n<hr \/>\n<p><strong>Es el tema pol\u00edtico de la jornada.<\/strong> En una nueva sesi\u00f3n ordinaria del Concejo Deliberante, se debate la Rendici\u00f3n de Cuentas 2020, un a\u00f1o particular porque el an\u00e1lisis completo rondar\u00e1 por lo sucedido con la pandemia en nuestra ciudad.<\/p>\n<p>&nbsp;<\/p>\n<blockquote><p>El Municipio indic\u00f3 que, en esta ocasi\u00f3n, el ejercicio contable cerr\u00f3 con $ 132.815.963,18 de super\u00e1vit, con una gran influencia del sector de Salud donde se destin\u00f3 el 43% de los gastos totales de corriente y de capital, justamente explicado por la situaci\u00f3n por COVID.<\/p><\/blockquote>\n<p>&nbsp;<\/p>\n<p>Mientras tanto, <strong>versiones apuntaban a una \u201cllamativa ausencia\u201d en el tratamiento de este lunes por la ma\u00f1ana<\/strong>, fecha l\u00edmite para el tratamiento de este proyecto: se trata de Alicia Almada, quien adem\u00e1s es la segunda Rendici\u00f3n de Cuentas que se encontr\u00f3 ausente.<\/p>\n<p>&nbsp;<\/p>\n<p>El presidente del cuerpo,<strong> Bruno Cenizo, expres\u00f3 al inicio de la sesi\u00f3n que se encontraba \u201causente con aviso\u201d y se explic\u00f3 al cuerpo de concejales que se encontraba enferma.<\/strong><\/p>\n<p>&nbsp;<\/p>\n<p>Cabe se\u00f1alar que<strong> Central de Noticias dialog\u00f3 con el bloque Renovaci\u00f3n Peronista y ratific\u00f3 que la edil se encuentra enferma e imposibilitada de asistir.<\/strong> Incluso, <strong>adelantaron que el bloque (con el voto de su restante integrante, Germ\u00e1n Aramburu) acompa\u00f1ar\u00eda la Rendici\u00f3n de Cuentas 2020.<\/strong><\/p>\n<p>&nbsp;<\/p>\n<p>Por estos momentos, mientras se desarrolla la sesi\u00f3n, las negociaciones contin\u00faan y el an\u00e1lisis tambi\u00e9n.<strong> Posterior al mediod\u00eda comenzar\u00e1 un largo tratamiento al desempe\u00f1o econ\u00f3mico de la gesti\u00f3n Galli durante el a\u00f1o pasado.<\/strong><\/p>\n","protected":false},"excerpt":{"rendered":"<p>La discusi\u00f3n rondar\u00e1 en torno a la gesti\u00f3n de Galli durante 2020, toda la pandemia. Si bien hubo una llamativa<\/p>\n","protected":false},"author":2,"featured_media":22417,"comment_status":"closed","ping_status":"closed","sticky":false,"template":"","format":"standard","meta":{"_jetpack_memberships_contains_paid_content":false,"footnotes":""},"categories":[4,1],"tags":[],"class_list":["post-22792","post","type-post","status-publish","format-standard","has-post-thumbnail","hentry","category-politica","category-portada"],"jetpack_featured_media_url":"https:\/\/i0.wp.com\/cdnoticias.com\/wp-content\/uploads\/2021\/05\/HCDlabor00.jpg?fit=800%2C446&ssl=1","jetpack_sharing_enabled":true,"_links":{"self":[{"href":"https:\/\/cdnoticias.com\/index.php\/wp-json\/wp\/v2\/posts\/22792","targetHints":{"allow":["GET"]}}],"collection":[{"href":"https:\/\/cdnoticias.com\/index.php\/wp-json\/wp\/v2\/posts"}],"about":[{"href":"https:\/\/cdnoticias.com\/index.php\/wp-json\/wp\/v2\/types\/post"}],"author":[{"embeddable":true,"href":"https:\/\/cdnoticias.com\/index.php\/wp-json\/wp\/v2\/users\/2"}],"replies":[{"embeddable":true,"href":"https:\/\/cdnoticias.com\/index.php\/wp-json\/wp\/v2\/comments?post=22792"}],"version-history":[{"count":0,"href":"https:\/\/cdnoticias.com\/index.php\/wp-json\/wp\/v2\/posts\/22792\/revisions"}],"wp:featuredmedia":[{"embeddable":true,"href":"https:\/\/cdnoticias.com\/index.php\/wp-json\/wp\/v2\/media\/22417"}],"wp:attachment":[{"href":"https:\/\/cdnoticias.com\/index.php\/wp-json\/wp\/v2\/media?parent=22792"}],"wp:term":[{"taxonomy":"category","embeddable":true,"href":"https:\/\/cdnoticias.com\/index.php\/wp-json\/wp\/v2\/categories?post=22792"},{"taxonomy":"post_tag","embeddable":true,"href":"https:\/\/cdnoticias.com\/index.php\/wp-json\/wp\/v2\/tags?post=22792"}],"curies":[{"name":"wp","href":"https:\/\/api.w.org\/{rel}","templated":true}]}}