{"id":22780,"date":"2021-05-31T09:42:07","date_gmt":"2021-05-31T12:42:07","guid":{"rendered":"http:\/\/www.centraldenoticias.com.ar\/?p=22780"},"modified":"2021-05-31T10:57:30","modified_gmt":"2021-05-31T13:57:30","slug":"caida-de-86-de-los-casos-de-covid-en-la-provincia","status":"publish","type":"post","link":"https:\/\/cdnoticias.com\/index.php\/2021\/05\/31\/caida-de-86-de-los-casos-de-covid-en-la-provincia\/","title":{"rendered":"Ca\u00edda de 8,6% de los casos de Covid en la Provincia"},"content":{"rendered":"<p>\u201cLas medidas empezaron a surtir efecto\u201d consider\u00f3 el jefe de Gabinete, Carlos Bianco. El promedio diario de esta semana lleg\u00f3 a 10.973 y la semana anterior hab\u00eda sido de 12.008.<!--more--><\/p>\n<hr \/>\n<p><strong>El Gobierno provincial destac\u00f3 anoche que \u201clas medidas de cuidado empezaron a surtir efecto\u201d al se\u00f1alar que los casos cayeron un 8,6% en territorio bonaerense<\/strong>.<\/p>\n<p>&nbsp;<\/p>\n<p>\u201cEsta semana los casos en PBA se redujeron un 8,6% (de 12.008 a 10.973). <strong>En AMBA 40 la ca\u00edda fue de 12,1% y en el interior de 0,6%<\/strong>. Las medidas de cuidado empezaron a surtir efecto, mientras avanzamos esta semana con el mill\u00f3n de turnos entregados en nuestro plan de vacunaci\u00f3n\u201d, escribi\u00f3 Carlos Bianco en su cuenta de Twitter, en la que comparti\u00f3 un gr\u00e1fico con las cifras.<\/p>\n<p>&nbsp;<\/p>\n<blockquote><p>De acuerdo a esos n\u00fameros, a nivel provincia, los contagios pasaron de 12.008 a 10.973 promedio diario semanal (1035 casos menos).<\/p><\/blockquote>\n<p>&nbsp;<\/p>\n<p><strong>En el AMBA la ca\u00edda fue m\u00e1s pronunciada: de 8.467 a 7.446 (un 12,1%) y en el interior, un 0,6%: pasaron de 3.512 a 3.491<\/strong>.<\/p>\n<p>&nbsp;<\/p>\n<blockquote class=\"twitter-tweet\">\n<p dir=\"ltr\" lang=\"es\">Esta semana los casos en PBA se redujeron un 8,6% (de 12.008 a 10.973). En AMBA 40 la ca\u00edda fue de 12,1% y en el interior de 0,6%. Las medidas de cuidado empezaron a surtir efecto, mientras avanzamos esta semana con el mill\u00f3n de turnos entregados en nuestro plan de vacunaci\u00f3n. <a href=\"https:\/\/t.co\/kQWX5w0xeS\">pic.twitter.com\/kQWX5w0xeS<\/a><\/p>\n<p>\u2014 Carlos Bianco (@Carli_Bianco) <a href=\"https:\/\/twitter.com\/Carli_Bianco\/status\/1399174463325880323?ref_src=twsrc%5Etfw\">May 31, 2021<\/a><\/p><\/blockquote>\n<p><script async src=\"https:\/\/platform.twitter.com\/widgets.js\" charset=\"utf-8\"><\/script><\/p>\n<p>Cabe se\u00f1alar que, m\u00e1s all\u00e1 de los n\u00fameros con impronta positiva, el viernes las autoridades bonaerenses<a href=\"https:\/\/cdnoticias.com\/index.php\/2021\/05\/28\/terapia-intensiva-en-el-interior-con-6335-de-ocupacion-por-covid-un-record-historico\/\" target=\"_blank\" rel=\"noopener\"> aclararon en conferencia de prensa<\/a> que la semana pasada fue \u201cat\u00edpica\u201d por tener solo tres d\u00edas h\u00e1biles, lo que podr\u00eda haber alterado la carga de datos.<\/p>\n<p>&nbsp;<\/p>\n<p>Este lunes culmin\u00f3 el aislamiento estricto dispuesto por 9 d\u00edas. <strong>A partir de este lunes, 121 municipios se encuentran en la fase m\u00e1s estricta y no tendr\u00e1n clases presenciales,<\/strong> la restricci\u00f3n a la circulaci\u00f3n se cortar\u00e1 a las 20 horas y los locales gastron\u00f3micos podr\u00e1n atender hasta las 19, solo al aire libre, entre otras medidas. En tanto, <a href=\"https:\/\/cdnoticias.com\/index.php\/2021\/05\/29\/vuelve-la-fase-3-a-olavarria-que-actividades-estaran-habilitadas\/\" target=\"_blank\" rel=\"noopener\">Olavarr\u00eda se encuentra en la fase 3<\/a>.<\/p>\n<p>&nbsp;<\/p>\n<p>Fuente: <em>Agencia DIB<\/em><\/p>\n","protected":false},"excerpt":{"rendered":"<p>\u201cLas medidas empezaron a surtir efecto\u201d consider\u00f3 el jefe de Gabinete, Carlos Bianco. El promedio diario de esta semana lleg\u00f3<\/p>\n","protected":false},"author":4,"featured_media":22783,"comment_status":"closed","ping_status":"closed","sticky":false,"template":"","format":"standard","meta":{"_jetpack_memberships_contains_paid_content":false,"footnotes":""},"categories":[16,1],"tags":[],"class_list":["post-22780","post","type-post","status-publish","format-standard","has-post-thumbnail","hentry","category-covid-19","category-portada"],"jetpack_featured_media_url":"https:\/\/i0.wp.com\/cdnoticias.com\/wp-content\/uploads\/2021\/05\/casos-covid-provincia.jpg?fit=908%2C518&ssl=1","jetpack_sharing_enabled":true,"_links":{"self":[{"href":"https:\/\/cdnoticias.com\/index.php\/wp-json\/wp\/v2\/posts\/22780","targetHints":{"allow":["GET"]}}],"collection":[{"href":"https:\/\/cdnoticias.com\/index.php\/wp-json\/wp\/v2\/posts"}],"about":[{"href":"https:\/\/cdnoticias.com\/index.php\/wp-json\/wp\/v2\/types\/post"}],"author":[{"embeddable":true,"href":"https:\/\/cdnoticias.com\/index.php\/wp-json\/wp\/v2\/users\/4"}],"replies":[{"embeddable":true,"href":"https:\/\/cdnoticias.com\/index.php\/wp-json\/wp\/v2\/comments?post=22780"}],"version-history":[{"count":0,"href":"https:\/\/cdnoticias.com\/index.php\/wp-json\/wp\/v2\/posts\/22780\/revisions"}],"wp:featuredmedia":[{"embeddable":true,"href":"https:\/\/cdnoticias.com\/index.php\/wp-json\/wp\/v2\/media\/22783"}],"wp:attachment":[{"href":"https:\/\/cdnoticias.com\/index.php\/wp-json\/wp\/v2\/media?parent=22780"}],"wp:term":[{"taxonomy":"category","embeddable":true,"href":"https:\/\/cdnoticias.com\/index.php\/wp-json\/wp\/v2\/categories?post=22780"},{"taxonomy":"post_tag","embeddable":true,"href":"https:\/\/cdnoticias.com\/index.php\/wp-json\/wp\/v2\/tags?post=22780"}],"curies":[{"name":"wp","href":"https:\/\/api.w.org\/{rel}","templated":true}]}}