{"id":22777,"date":"2021-05-31T09:05:05","date_gmt":"2021-05-31T12:05:05","guid":{"rendered":"http:\/\/www.centraldenoticias.com.ar\/?p=22777"},"modified":"2021-05-31T09:43:13","modified_gmt":"2021-05-31T12:43:13","slug":"el-municipio-recordo-la-frecuencia-del-transporte-publico","status":"publish","type":"post","link":"https:\/\/cdnoticias.com\/index.php\/2021\/05\/31\/el-municipio-recordo-la-frecuencia-del-transporte-publico\/","title":{"rendered":"El Municipio record\u00f3 la frecuencia del transporte p\u00fablico"},"content":{"rendered":"<p>Los horarios de los servicios urbanos e interurbanos. El regreso a la presencialidad de las escuelas, clave para los usuarios.<!--more--><\/p>\n<hr \/>\n<p><strong>\u201cAnte el regreso de la presencialidad a las escuelas se recuerda cu\u00e1les ser\u00e1n las frecuencias del transporte p\u00fablico en el Partido de Olavarr\u00eda\u201d<\/strong> comunic\u00f3 la Municipalidad.<\/p>\n<p>&nbsp;<\/p>\n<p>Se explic\u00f3 que <strong>ser\u00e1n las mismas que funcionaban antes del confinamiento<\/strong> dispuesto por las autoridades nacionales y provinciales.<\/p>\n<p>&nbsp;<\/p>\n<blockquote><p>En lo que respecta estrictamente al servicio urbano, los micros comenzar\u00e1n a girar a partir de las 6 horas.<\/p><\/blockquote>\n<p>&nbsp;<\/p>\n<p>Por su parte, el <strong>interurbano<\/strong> tendr\u00e1 los siguientes horarios de comienzo de recorridos:<\/p>\n<p>&nbsp;<\/p>\n<blockquote><p>L\u00ednea 509:<\/p><\/blockquote>\n<p><strong>De lunes a viernes<\/strong><\/p>\n<p>Desde Loma Negra a Olavarr\u00eda: dos colectivos comenzar\u00e1n a partir de las 7:00 hs, dos micros saldr\u00e1n a las 8:00 hs, 11:00 hs, 12:00 hs, 12:45 hs, 15:00hs, 17:00 hs, 19:00 hs y 21:00 hs.<\/p>\n<p>Desde Villa Mi Serran\u00eda a Olavarr\u00eda: 6:50 hs, 7:45 hs, 12:35 hs y 18:45 hs.<\/p>\n<p>Desde Olavarr\u00eda: 6:00 hs, 7:00 hs, 10:00 hs, 11:55 hs, 14:00 hs, 16:00 hs, 17:00 hs, 18:00 hs y 20:00 hs.<\/p>\n<p><strong>S\u00e1bados<\/strong><\/p>\n<p>Desde Loma Negra hacia Olavarr\u00eda: 08:00 hs, 11:00 hs, 13:00 hs, 16:00 hs, 19:00 hs y 21:00 hs<\/p>\n<p>Desde Villa Mi Serran\u00eda a Olavarr\u00eda: 7:45 hs, 12:45 hs y 18:45 hs.<\/p>\n<p>Desde Olavarr\u00eda: 07:00 hs, 10:00 hs, 12:00 hs, 15:00 hs, 18:00 hs y 20:00 hs<\/p>\n<p>&nbsp;<\/p>\n<blockquote><p>L\u00ednea 510:<\/p><\/blockquote>\n<p><strong>De lunes a viernes<\/strong><\/p>\n<p>De Sierras Bayas a Olavarr\u00eda: 7:15 hs, 8:00 hs, 11:00 hs, 12:00 hs, 13:15 hs, 15:00 hs, 17:15 hs, 19:00 hs y 21:00 hs.<\/p>\n<p>De Colonia San Miguel a Olavarr\u00eda: 07:00 hs, 7:45 hs, 13:00 hs, 17:00 hs, 18:45 hs.<\/p>\n<p>Desde Olavarr\u00eda: 6:45 hs, 10:00 hs, 12:00 hs, 14:00 hs, 16:00 hs, 18:00 hs y 20:00 hs.<\/p>\n<p><strong>S\u00e1bados<\/strong><\/p>\n<p>Desde Sierras Bayas: 08:00 hs, 11:0 0hs, 13:15 hs, 16:00 hs, 16:00 hs, 19:00 hs y 21:00 hs.<\/p>\n<p>Desde Colonia San Miguel: 7:45 hs, 13:00 hs y 18:45 hs.<\/p>\n<p>Desde Olavarr\u00eda: 6:45 hs, 10:00 hs, 12:00 hs, 15:00 hs, 18:00 hs y 20:00 hs.<\/p>\n<p>&nbsp;<\/p>\n<blockquote><p>L\u00ednea 514:<\/p><\/blockquote>\n<p><strong>De lunes a viernes<\/strong><\/p>\n<p>Desde Hinojo: 07:00 hs, 09:00 hs, 10:00 hs, 12:00 hs, 13:00 hs, 15:00 hs, 17:00 hs, 19:00 hs y 21:00 hs.<\/p>\n<p>Desde Olavarr\u00eda: 06:00 hs, 07:00 hs, 08:00 hs, 09:00 hs, 12:00 hs, 13:00 hs, 14:00 hs, 16:00 hs, 17:00 hs, 18:00 hs, 20:00 hs.<\/p>\n<p>Desde Sierra Chica: 7:15 hs, 10:15 hs, 13:00 hs.<\/p>\n<p>Desde Olavarr\u00eda hasta Sierra Chica exclusivamente: 12:00 hs.<\/p>\n<p><strong>S\u00e1bados<\/strong><\/p>\n<p>Desde Hinojo: 07:00 hs, 10:00 hs, 13:00 hs, 16:00 hs, 19:00 hs y 21:00 hs.<\/p>\n<p>Desde Olavarr\u00eda: 06:00 hs, 09:00 hs, 12:00 hs, 15:00 hs, 18:00 hs y 20:00 hs.<\/p>\n<p>Desde Sierra Chica: 17:15 hs.<\/p>\n<p>Desde Olavarr\u00eda hasta Sierra Chica exclusivamente: 18:00 hs.<\/p>\n","protected":false},"excerpt":{"rendered":"<p>Los horarios de los servicios urbanos e interurbanos. El regreso a la presencialidad de las escuelas, clave para los usuarios.<\/p>\n","protected":false},"author":4,"featured_media":12280,"comment_status":"closed","ping_status":"closed","sticky":false,"template":"","format":"standard","meta":{"_jetpack_memberships_contains_paid_content":false,"footnotes":""},"categories":[5,1],"tags":[],"class_list":["post-22777","post","type-post","status-publish","format-standard","has-post-thumbnail","hentry","category-informacion-general","category-portada"],"jetpack_featured_media_url":"https:\/\/i0.wp.com\/cdnoticias.com\/wp-content\/uploads\/2021\/01\/ola-bus-transporte02.jpg?fit=1000%2C556&ssl=1","jetpack_sharing_enabled":true,"_links":{"self":[{"href":"https:\/\/cdnoticias.com\/index.php\/wp-json\/wp\/v2\/posts\/22777","targetHints":{"allow":["GET"]}}],"collection":[{"href":"https:\/\/cdnoticias.com\/index.php\/wp-json\/wp\/v2\/posts"}],"about":[{"href":"https:\/\/cdnoticias.com\/index.php\/wp-json\/wp\/v2\/types\/post"}],"author":[{"embeddable":true,"href":"https:\/\/cdnoticias.com\/index.php\/wp-json\/wp\/v2\/users\/4"}],"replies":[{"embeddable":true,"href":"https:\/\/cdnoticias.com\/index.php\/wp-json\/wp\/v2\/comments?post=22777"}],"version-history":[{"count":0,"href":"https:\/\/cdnoticias.com\/index.php\/wp-json\/wp\/v2\/posts\/22777\/revisions"}],"wp:featuredmedia":[{"embeddable":true,"href":"https:\/\/cdnoticias.com\/index.php\/wp-json\/wp\/v2\/media\/12280"}],"wp:attachment":[{"href":"https:\/\/cdnoticias.com\/index.php\/wp-json\/wp\/v2\/media?parent=22777"}],"wp:term":[{"taxonomy":"category","embeddable":true,"href":"https:\/\/cdnoticias.com\/index.php\/wp-json\/wp\/v2\/categories?post=22777"},{"taxonomy":"post_tag","embeddable":true,"href":"https:\/\/cdnoticias.com\/index.php\/wp-json\/wp\/v2\/tags?post=22777"}],"curies":[{"name":"wp","href":"https:\/\/api.w.org\/{rel}","templated":true}]}}