{"id":22761,"date":"2021-05-30T18:53:31","date_gmt":"2021-05-30T21:53:31","guid":{"rendered":"http:\/\/www.centraldenoticias.com.ar\/?p=22761"},"modified":"2021-05-30T18:53:31","modified_gmt":"2021-05-30T21:53:31","slug":"covid-21-mil-nuevos-casos-y-hay-mas-de-7-mil-internados-en-terapias-intensivas","status":"publish","type":"post","link":"https:\/\/cdnoticias.com\/index.php\/2021\/05\/30\/covid-21-mil-nuevos-casos-y-hay-mas-de-7-mil-internados-en-terapias-intensivas\/","title":{"rendered":"COVID: 21 mil nuevos casos y hay m\u00e1s de 7 mil internados en Terapias Intensivas"},"content":{"rendered":"<p>La preocupaci\u00f3n subyace en la cantidad de internados: en una semana se sumaron m\u00e1s de mil pacientes a las salas de cuidados cr\u00edticos.\u00a0<!--more--><\/p>\n<hr \/>\n<p>En la jornada de este domingo, el Ministerio de Salud nacional informo 21.345 nuevos casos de COVID y 348 muertos por la enfermedad.<strong> El dato preocupante es que la cantidad de pacientes internados en terapias intensivas subi\u00f3 en mil en tan s\u00f3lo una semana.<\/strong><\/p>\n<p>&nbsp;<\/p>\n<blockquote><p>En total, son 7.206 las personas que permanecen en cuidados intensivos por el agravamiento de la enfermedad. El n\u00famero no baja desde marzo y es un reflejo de la cantidad de contagios.<\/p><\/blockquote>\n<p>&nbsp;<\/p>\n<p>Desde el inicio de la pandemia,<strong> se han infectado 3.753.609 personas y, de esa cifra, 77.456 perdieron la vida por la enfermedad.<\/strong><\/p>\n","protected":false},"excerpt":{"rendered":"<p>La preocupaci\u00f3n subyace en la cantidad de internados: en una semana se sumaron m\u00e1s de mil pacientes a las salas<\/p>\n","protected":false},"author":2,"featured_media":15266,"comment_status":"closed","ping_status":"closed","sticky":false,"template":"","format":"standard","meta":{"_jetpack_memberships_contains_paid_content":false,"footnotes":""},"categories":[16,1],"tags":[],"class_list":["post-22761","post","type-post","status-publish","format-standard","has-post-thumbnail","hentry","category-covid-19","category-portada"],"jetpack_featured_media_url":"https:\/\/i0.wp.com\/cdnoticias.com\/wp-content\/uploads\/2021\/03\/terapia-intensiva-3-696x465.jpg?fit=696%2C465&ssl=1","jetpack_sharing_enabled":true,"_links":{"self":[{"href":"https:\/\/cdnoticias.com\/index.php\/wp-json\/wp\/v2\/posts\/22761","targetHints":{"allow":["GET"]}}],"collection":[{"href":"https:\/\/cdnoticias.com\/index.php\/wp-json\/wp\/v2\/posts"}],"about":[{"href":"https:\/\/cdnoticias.com\/index.php\/wp-json\/wp\/v2\/types\/post"}],"author":[{"embeddable":true,"href":"https:\/\/cdnoticias.com\/index.php\/wp-json\/wp\/v2\/users\/2"}],"replies":[{"embeddable":true,"href":"https:\/\/cdnoticias.com\/index.php\/wp-json\/wp\/v2\/comments?post=22761"}],"version-history":[{"count":0,"href":"https:\/\/cdnoticias.com\/index.php\/wp-json\/wp\/v2\/posts\/22761\/revisions"}],"wp:featuredmedia":[{"embeddable":true,"href":"https:\/\/cdnoticias.com\/index.php\/wp-json\/wp\/v2\/media\/15266"}],"wp:attachment":[{"href":"https:\/\/cdnoticias.com\/index.php\/wp-json\/wp\/v2\/media?parent=22761"}],"wp:term":[{"taxonomy":"category","embeddable":true,"href":"https:\/\/cdnoticias.com\/index.php\/wp-json\/wp\/v2\/categories?post=22761"},{"taxonomy":"post_tag","embeddable":true,"href":"https:\/\/cdnoticias.com\/index.php\/wp-json\/wp\/v2\/tags?post=22761"}],"curies":[{"name":"wp","href":"https:\/\/api.w.org\/{rel}","templated":true}]}}