{"id":22756,"date":"2021-05-30T17:23:19","date_gmt":"2021-05-30T20:23:19","guid":{"rendered":"http:\/\/www.centraldenoticias.com.ar\/?p=22756"},"modified":"2021-05-30T19:08:33","modified_gmt":"2021-05-30T22:08:33","slug":"lo-que-el-confinamiento-nos-dejo","status":"publish","type":"post","link":"https:\/\/cdnoticias.com\/index.php\/2021\/05\/30\/lo-que-el-confinamiento-nos-dejo\/","title":{"rendered":"Lo que el confinamiento nos dej\u00f3"},"content":{"rendered":"<p>El poco respeto por las medidas dictaminadas por el gobierno nacional y el momento de la pandemia: contemplar y buscar cuidados. La vacunaci\u00f3n avanza con varios asteriscos. Mientras tanto, la rosca: Monz\u00f3 se mostrar\u00e1 con Vecinalistas.\u00a0<!--more--><\/p>\n<hr \/>\n<p><em>(Extracto del newsletter Volver a las Fuentes,<a href=\"https:\/\/mailchi.mp\/a8d0cdcc2a35\/confinar-y-vacunar-va-todo-junto-o-separado\" target=\"_blank\" rel=\"noopener\"> donde se puede acceder y suscribir ac\u00e1<\/a>)<\/em><strong> Por Alexis Grierson y Josefina Bargas<\/strong><\/p>\n<p>&nbsp;<\/p>\n<p><span style=\"text-decoration: underline;\"><strong>\u201cLa gente ya decidi\u00f3\u201d<\/strong><\/span><\/p>\n<p>&nbsp;<\/p>\n<p><img data-recalc-dims=\"1\" loading=\"lazy\" decoding=\"async\" class=\"alignnone size-large wp-image-22394\" src=\"https:\/\/i0.wp.com\/cdnoticias.com\/wp-content\/uploads\/2021\/05\/restricciones-olavarria-4-cdn.jpg?resize=800%2C497&#038;ssl=1\" alt=\"\" width=\"800\" height=\"497\" srcset=\"https:\/\/i0.wp.com\/cdnoticias.com\/wp-content\/uploads\/2021\/05\/restricciones-olavarria-4-cdn.jpg?resize=1024%2C636&amp;ssl=1 1024w, https:\/\/i0.wp.com\/cdnoticias.com\/wp-content\/uploads\/2021\/05\/restricciones-olavarria-4-cdn.jpg?resize=300%2C186&amp;ssl=1 300w, https:\/\/i0.wp.com\/cdnoticias.com\/wp-content\/uploads\/2021\/05\/restricciones-olavarria-4-cdn.jpg?resize=768%2C477&amp;ssl=1 768w, https:\/\/i0.wp.com\/cdnoticias.com\/wp-content\/uploads\/2021\/05\/restricciones-olavarria-4-cdn.jpg?w=1600&amp;ssl=1 1600w, https:\/\/i0.wp.com\/cdnoticias.com\/wp-content\/uploads\/2021\/05\/restricciones-olavarria-4-cdn.jpg?w=2400&amp;ssl=1 2400w\" sizes=\"auto, (max-width: 800px) 100vw, 800px\" \/><\/p>\n<p>&nbsp;<\/p>\n<p>Como dec\u00edamos al inicio, fue una semana rara. <strong>Dos feriados y solo tres d\u00edas h\u00e1biles fueron suficientes para mostrar que la tolerancia social a las restricciones est\u00e1 al l\u00edmite.<\/strong> Cierres que no fueron tales, una circulaci\u00f3n que en las horas pico se mantuvo, y un acatamiento dispar a las medidas con una evidente falta de controles intensivos (porque controles hubo).<\/p>\n<p>&nbsp;<\/p>\n<p>La decisi\u00f3n del Presidente era necesaria. Independientemente de las particularidades de algunos territorios, la situaci\u00f3n sanitaria hace varias semanas que parece salirse de control. Sin embargo, t<strong>ambi\u00e9n es entendible la respuesta social ante medidas de cierre, o al menos lo que se vio en Olavarr\u00eda.<\/strong><\/p>\n<p>&nbsp;<\/p>\n<p><strong><em>\u201cSi no abro, como sea, me fundo\u201d<\/em> <\/strong>fue el testimonio de una mujer que trabaja en una tienda de ropa. Celebr\u00f3 como algo maravilloso la venta de un buzo en pleno confinamiento. <strong>Casos as\u00ed se cuentan por decenas: gente que abri\u00f3 igual, adapt\u00f3 la modalidad \u201ctake away\u201d y trabaj\u00f3 como pudo para no tener p\u00e9rdidas irreversibles.<\/strong><\/p>\n<p>&nbsp;<\/p>\n<p>La suerte, claro, fue dispar. Pero la respuesta en s\u00ed es lo que deja tela para cortar. Ya se divisa en el horizonte el inicio de las \u201ccuarentenas intermitentes\u201d de dos semanas de cierres y otras de aperturas. <strong>\u00bfSer\u00e1 esa la soluci\u00f3n para llevar esta segunda -e inminente tercera- ola mientras se vacuna? No pareciera.<\/strong><\/p>\n<p>&nbsp;<\/p>\n<p>En el inicio de la semana h\u00e1bil, el doctor Gast\u00f3n Seambelar (Jefe de Pediatr\u00eda) se expres\u00f3 sobre el importante movimiento en la ciudad y<a href=\"https:\/\/cdnoticias.com\/index.php\/2021\/05\/27\/escuchar-en-silencio-a-la-gente-muestra-que-la-sociedad-ya-decidio\/\" target=\"_blank\" rel=\"noopener\"> dijo que \u201cver calles y parques\u201d mostraba que \u201cla gente ya decidi\u00f3\u201d.<\/a> Dijo que no hab\u00eda controles por parte de las autoridades y que los vecinos estaban presos de una dicotom\u00eda pol\u00edtica de<em> \u201catentar contra la salud y la vida\u201d <\/em>y <em>\u201cotros de encerrar al pueblo\u201d.<\/em><\/p>\n<p>&nbsp;<\/p>\n<p><img data-recalc-dims=\"1\" loading=\"lazy\" decoding=\"async\" class=\"alignnone size-large wp-image-3957\" src=\"https:\/\/i0.wp.com\/cdnoticias.com\/wp-content\/uploads\/2020\/10\/Salud-pediatr%C3%ADa-1024x580-1024x580.jpeg?resize=800%2C453&#038;ssl=1\" alt=\"\" width=\"800\" height=\"453\" srcset=\"https:\/\/i0.wp.com\/cdnoticias.com\/wp-content\/uploads\/2020\/10\/Salud-pediatr%C3%ADa-1024x580.jpeg?resize=1024%2C580&amp;ssl=1 1024w, https:\/\/i0.wp.com\/cdnoticias.com\/wp-content\/uploads\/2020\/10\/Salud-pediatr%C3%ADa-1024x580.jpeg?resize=300%2C170&amp;ssl=1 300w, https:\/\/i0.wp.com\/cdnoticias.com\/wp-content\/uploads\/2020\/10\/Salud-pediatr%C3%ADa-1024x580.jpeg?resize=768%2C435&amp;ssl=1 768w\" sizes=\"auto, (max-width: 800px) 100vw, 800px\" \/><\/p>\n<p>&nbsp;<\/p>\n<p>Si bien le vali\u00f3 alguna que otra discusi\u00f3n para adentro del sistema de salud (su reflexi\u00f3n en algunos sectores no cay\u00f3 para nada bien) hay algo interesante en torno a esta etapa: <strong>es cierto que la gente se apropi\u00f3 de las medidas para tratar de respetarlas pero al mismo tiempo aferrarse a su empleo como sea.<\/strong> \u00bfNo es momento, ya, de transformar el \u201cla gente decidi\u00f3\u201d en un \u201cescuchar a la gente y triangular la decisi\u00f3n con expertos y la pol\u00edtica\u201d? Parece ut\u00f3pico a esta altura, pero\u2026<\/p>\n<p>&nbsp;<\/p>\n<p><strong>Las cuarentenas intermitentes, por ejemplo, aparecen como una luz al final del t\u00fanel en tanto y en cuanto haya tres puntos que se respeten<\/strong>: garantizar el trabajo a la m\u00e1xima cantidad de sectores posibles, trabajar en formas de concientizar a la gente para circular menos pero consumir (vaya tarea complicada) y al mismo tiempo vacunar, vacunar y vacunar. Quiz\u00e1s es darle una vuelta m\u00e1s a lo que vimos, un poco a los tumbos, esta semana.<\/p>\n<p>&nbsp;<\/p>\n<p><span style=\"text-decoration: underline;\"><strong>Mientras tanto, la vacunaci\u00f3n<\/strong><\/span><\/p>\n<p>&nbsp;<\/p>\n<p><img data-recalc-dims=\"1\" loading=\"lazy\" decoding=\"async\" class=\"alignnone size-full wp-image-19322\" src=\"https:\/\/i0.wp.com\/cdnoticias.com\/wp-content\/uploads\/2021\/04\/vacuna-covid.jpg?resize=800%2C445&#038;ssl=1\" alt=\"\" width=\"800\" height=\"445\" srcset=\"https:\/\/i0.wp.com\/cdnoticias.com\/wp-content\/uploads\/2021\/04\/vacuna-covid.jpg?w=800&amp;ssl=1 800w, https:\/\/i0.wp.com\/cdnoticias.com\/wp-content\/uploads\/2021\/04\/vacuna-covid.jpg?resize=300%2C167&amp;ssl=1 300w, https:\/\/i0.wp.com\/cdnoticias.com\/wp-content\/uploads\/2021\/04\/vacuna-covid.jpg?resize=768%2C427&amp;ssl=1 768w\" sizes=\"auto, (max-width: 800px) 100vw, 800px\" \/><\/p>\n<p>&nbsp;<\/p>\n<p><strong>Esta semana la vacunaci\u00f3n tuvo varios puntos de debate, tambi\u00e9n.<\/strong> Nobleza obliga, el ritmo de vacunaci\u00f3n de los mayores de 40 a\u00f1os con comorbilidades es bueno, y se espera que m\u00e1ximo en dos semanas se comience directamente con los mayores de 18 a\u00f1os con antecedentes de salud.<\/p>\n<p>&nbsp;<\/p>\n<p>La meseta de los anotados sigue siendo un problema: <strong>Regi\u00f3n Sanitaria IX sali\u00f3 de forma fuerte a acordar con innumerable cantidad de instituciones intermedias<\/strong> (entre ellas algunos medios de comunicaci\u00f3n) para anotar la mayor cantidad de gente posible para acceder a la inoculaci\u00f3n.<\/p>\n<p>&nbsp;<\/p>\n<p>Hubo dos que merecen un p\u00e1rrafo de menci\u00f3n:<strong> el mismo Municipio<\/strong> (aunque el intendente insiste con un discurso vinculado a \u201cponer a disposici\u00f3n\u201d los CAPS y el Banco de Leche)<strong> y el C\u00edrculo M\u00e9dico, que entre tanto chispazo con la Provincia parece que hubo una tregua al menos en el tema vacunaci\u00f3n.<\/strong> Incluso fue el propio Ramiro Aramburu quien se mostr\u00f3 invitando a anotarse al lado de Ramiro Borzi.<\/p>\n<p>&nbsp;<\/p>\n<p><iframe loading=\"lazy\" style=\"border: none; overflow: hidden;\" src=\"https:\/\/www.facebook.com\/plugins\/post.php?href=https%3A%2F%2Fwww.facebook.com%2Fregionsanitaria.ix.50%2Fposts%2F326026705625435&amp;show_text=true&amp;width=500\" width=\"500\" height=\"877\" frameborder=\"0\" scrolling=\"no\" allowfullscreen=\"allowfullscreen\"><\/iframe><br \/>\nSi bien hay una multicausalidad en torno a los porqu\u00e9 de no anotarse, la intervenci\u00f3n de las instituciones intermedias llegar\u00e1 para intentar subsanar ese techo de anotados: <em>\u201cen el Club Estudiantes, por citar un ejemplo, hay muchos socios y gente querida del club que es grande y todav\u00eda no se ha anotado. Queremos que el club nos ayude a convencerlos, a acercarle informaci\u00f3n e invitarlo a sumarse\u201d<\/em> indicaron desde la Regi\u00f3n.<\/p>\n<p>&nbsp;<\/p>\n<p>Pareciera, en paralelo, que la llegada de vacunas comienza a ser m\u00e1s fluida y masiva<strong>. \u00bfAlcanzar\u00e1 con las cinco postas que actualmente tiene Olavarr\u00eda? Desde Provincia aclararon que llegado el caso se abrir\u00e1 a la infraestructura municipal.<\/strong> Tambi\u00e9n no dejaron pasar los constantes ofrecimientos de Galli: <em>\u201cEl Territorial N\u00b0 2 es Municipal y hemos vacunado en el Hospital Municipal, tienen intervenci\u00f3n en la vacunaci\u00f3n\u201d<\/em> respondieron con dureza por la insistencia del jefe comunal.<\/p>\n<p>&nbsp;<\/p>\n<p>Tambi\u00e9n se hizo menci\u00f3n al modo \u201ccampa\u00f1a\u201d que la Provincia podr\u00eda adoptar con la vacunaci\u00f3n. Pero si se empieza a masificar y abre al Municipio\u2026<strong>\u00bfpodr\u00edamos tener una campa\u00f1a electoral donde Provincia y Municipio vacunen al mismo tiempo?<\/strong> Por ahora, una mera especulaci\u00f3n. Es como tirar un mensaje en una botella.<\/p>\n<p>&nbsp;<\/p>\n<p>De todos modos, tambi\u00e9n vale empezar a plantear el tema:<strong> la vacunaci\u00f3n, \u00bfcambiar\u00e1 la l\u00f3gica electoral a la hora de votar? \u00bfPrevalecer\u00e1 la pandemia, la vacunaci\u00f3n, o los temas de siempre, m\u00e1s vinculados a la econom\u00eda?<\/strong> \u00bfTendr\u00e1 un peso la decisi\u00f3n de comenzar a vacunar a los adultos mayores y no por los grupos de trabajo pleno que se encuentran en mayor circulaci\u00f3n? Todas estas variables, hoy, pasan por los principales dirigentes pol\u00edticos (y por los consultores, obvio).<\/p>\n<p>&nbsp;<\/p>\n<p>Para cerrar este cap\u00edtulo<strong>, el titular del Sindicato de Trabajadores Municipales, Jos\u00e9 Stuppia, denunci\u00f3 p\u00fablicamente que hay personal de Salud dispuesto a vacunarse y que no fueron inoculados.<\/strong> Se tratar\u00eda, seg\u00fan sus dichos, de un listado de 80 personas que parece no haber tenido avances en materia de aplicaci\u00f3n de dosis. El listado habr\u00eda llegado a Ramiro Borzi, de la Regi\u00f3n Sanitaria.<\/p>\n<p>&nbsp;<\/p>\n<p><span style=\"text-decoration: underline;\"><strong>Se viene la Rendici\u00f3n de Cuentas<\/strong><\/span><\/p>\n<p>&nbsp;<\/p>\n<p><img data-recalc-dims=\"1\" loading=\"lazy\" decoding=\"async\" class=\"alignnone size-full wp-image-22363\" src=\"https:\/\/i0.wp.com\/cdnoticias.com\/wp-content\/uploads\/2021\/05\/HCD-cenizo-labor00.jpg?resize=800%2C446&#038;ssl=1\" alt=\"\" width=\"800\" height=\"446\" srcset=\"https:\/\/i0.wp.com\/cdnoticias.com\/wp-content\/uploads\/2021\/05\/HCD-cenizo-labor00.jpg?w=800&amp;ssl=1 800w, https:\/\/i0.wp.com\/cdnoticias.com\/wp-content\/uploads\/2021\/05\/HCD-cenizo-labor00.jpg?resize=300%2C167&amp;ssl=1 300w, https:\/\/i0.wp.com\/cdnoticias.com\/wp-content\/uploads\/2021\/05\/HCD-cenizo-labor00.jpg?resize=768%2C428&amp;ssl=1 768w\" sizes=\"auto, (max-width: 800px) 100vw, 800px\" \/><\/p>\n<p>&nbsp;<\/p>\n<p>Era una chance concreta, y<strong> los concejales encabezados por Bruno Cenizo decidieron llevar la fecha \u201cal l\u00edmite\u201d y tratar la Rendici\u00f3n de Cuentas este lunes, el \u00faltimo d\u00eda para que el cuerpo deliberativo emita una opini\u00f3n sobre el resultado del ejercicio 2020 de la gesti\u00f3n Galli.<\/strong><\/p>\n<p>&nbsp;<\/p>\n<p><strong><em>\u201cAl lado de la del a\u00f1o pasado&#8230;esto es firmar la paz mundial\u201d<\/em> <\/strong>dijo un dirigente sonriendo tras la -por momentos- incre\u00edble sesi\u00f3n de la Rendici\u00f3n del a\u00f1o pasado. \u00bfSe acuerdan? El oficialismo se fue, hubo reemplazos, reemplazos forzosos y enojos y rupturas. Casi casi una novela de Telef\u00e9.<\/p>\n<p>&nbsp;<\/p>\n<p>Este a\u00f1o la cosa parece distinta. En un \u201crepaso\u201d por los bloques pol\u00edticos, todos admitieron en mayor o menor medida que las cuentas est\u00e1n mejor. Las explicaciones, claro, son diversas y est\u00e1n plagadas de cr\u00edticas. Pero al n\u00famero fr\u00edo, se est\u00e1 mejor.<\/p>\n<p>&nbsp;<\/p>\n<p>El que quiz\u00e1s tuvo mayores consideraciones fue <a href=\"https:\/\/cdnoticias.com\/index.php\/2021\/05\/25\/ubaldo-garcia-en-un-ano-de-pandemia-ajustaron-por-600-millones\/\" target=\"_blank\" rel=\"noopener\">Ubaldo Garc\u00eda (Frente de Todos)<\/a> quien dijo que \u201cen 2020 ajustaron por 600 millones de pesos\u201d siendo Obras P\u00fablicas el \u00e1rea m\u00e1s perjudicada. Celeste Arouxet, en tanto, denunci\u00f3 que seg\u00fan art\u00edculo de la LOM, la Rendici\u00f3n da resultado deficitario y no super\u00e1vit como se \u201cjacta\u201d la comuna. Todos los concejales e incluso la Secretaria de Hacienda, Eugenia Bezzoni, admitieron que hay una interpretaci\u00f3n de la Ley Org\u00e1nica que arroja esa conclusi\u00f3n, pero que es una diferencia \u201cinterpretativa\u201d y no tanto de n\u00fameros finales.<\/p>\n<p>&nbsp;<\/p>\n<p><strong>Todo parece que va encaminado a la aprobaci\u00f3n.<\/strong> Pero en este tipo de tratamientos el terreno es propicio para hacer balances sobre la gesti\u00f3n, valoraciones sobre la pol\u00edtica del gobierno municipal y, porqu\u00e9 no, valorar o resaltar tambi\u00e9n lo propio. Es un poco el precalentamiento de la campa\u00f1a legislativa&#8230;no olvidemos ese detalle.<\/p>\n<p>&nbsp;<\/p>\n<p><span style=\"text-decoration: underline;\"><strong>Los vecinalistas al poder<\/strong><\/span><\/p>\n<p>&nbsp;<\/p>\n<p><img data-recalc-dims=\"1\" loading=\"lazy\" decoding=\"async\" class=\"alignnone size-large wp-image-22697\" src=\"https:\/\/i0.wp.com\/cdnoticias.com\/wp-content\/uploads\/2021\/05\/vecinalistas.jpeg?resize=800%2C479&#038;ssl=1\" alt=\"\" width=\"800\" height=\"479\" srcset=\"https:\/\/i0.wp.com\/cdnoticias.com\/wp-content\/uploads\/2021\/05\/vecinalistas.jpeg?resize=1024%2C613&amp;ssl=1 1024w, https:\/\/i0.wp.com\/cdnoticias.com\/wp-content\/uploads\/2021\/05\/vecinalistas.jpeg?resize=300%2C180&amp;ssl=1 300w, https:\/\/i0.wp.com\/cdnoticias.com\/wp-content\/uploads\/2021\/05\/vecinalistas.jpeg?resize=768%2C460&amp;ssl=1 768w, https:\/\/i0.wp.com\/cdnoticias.com\/wp-content\/uploads\/2021\/05\/vecinalistas.jpeg?w=1065&amp;ssl=1 1065w\" sizes=\"auto, (max-width: 800px) 100vw, 800px\" \/><\/p>\n<p>&nbsp;<\/p>\n<p>Una reuni\u00f3n llev\u00f3 a otra reuni\u00f3n&#8230;y<strong> de Pulti pasamos a Randazzo, a De La Torre y terminar\u00e1 en Emilio Monz\u00f3. La agrupaci\u00f3n Vecinalistas empez\u00f3 a mostrar lo que se est\u00e1 generando \u201cen el medio\u201d con varios dirigentes que se acercaron para construir una alternativa entre tanta polarizaci\u00f3n.<\/strong><\/p>\n<p>&nbsp;<\/p>\n<p>El nombre m\u00e1s fuerte, por armado y presente,<strong> es Monz\u00f3<\/strong> (que a\u00fan es un misterio si estar\u00e1 dentro o fuera de Juntos por el Cambio) y tiene un armado local propio con Zyla y Moriones a la cabeza.<\/p>\n<p>&nbsp;<\/p>\n<p>Mientras tanto,<strong> Vecinalistas se mueve de la mano del POT en Olavarr\u00eda: Andrea Coronel y Ra\u00fal Navillat son los referentes<\/strong> y muestran las cartas de un armado que<em> \u201ces una ola que ser\u00e1 dif\u00edcil de parar\u201d.<\/em><\/p>\n<p>&nbsp;<\/p>\n<p>Quiz\u00e1s haya una mirada de cara a las legislativas de este a\u00f1o (estirar todo un mes dio un poco de aire) pero<strong> los ca\u00f1ones apuntan a 2023, donde las presidenciales mostrar\u00e1n a dirigentes dispuestos a pelear los destinos del pa\u00eds, muchas gobernaciones y, porqu\u00e9 no, aqu\u00ed las intendencias.<\/strong><\/p>\n<p>&nbsp;<\/p>\n<p>Los zoom se han vuelto interesantes y por lo bajo se supo que las reuniones capitalinas tambi\u00e9n.<strong> \u00bfRomper\u00e1 este gran frente \u201cdel medio\u201d con la polarizaci\u00f3n que ya lleva abiertamente m\u00e1s de seis a\u00f1os?<\/strong><\/p>\n<p>&nbsp;<\/p>\n<p><span style=\"text-decoration: underline;\"><strong>Un extracto<\/strong><\/span><\/p>\n<p>&nbsp;<\/p>\n<p>Estos temas, y otros m\u00e1s de la actualidad del \u00e1mbito pol\u00edtico local, se publicaron en la edici\u00f3n de este domingo del newsletter Volver a las Fuentes \u2013en esta edici\u00f3n, \u201cConfinar y vacunar \u00bfva todo junto o separado?\u201d \u2013 que escriben semanalmente Alexis Grierson y Josefina Bargas.<\/p>\n<p>&nbsp;<\/p>\n<p>La publicaci\u00f3n es gratuita, sale todos los domingos a la ma\u00f1ana. <a href=\"https:\/\/mailchi.mp\/a8d0cdcc2a35\/confinar-y-vacunar-va-todo-junto-o-separado\" target=\"_blank\" rel=\"noopener\">La edici\u00f3n completa ac\u00e1<\/a> y la<a href=\"https:\/\/gmail.us17.list-manage.com\/subscribe?u=cba2a41506a8e26d100c3f0f8&amp;id=63ce583cd9\" target=\"_blank\" rel=\"noopener\"> suscripci\u00f3n est\u00e1 abierta aqu\u00ed.<\/a><\/p>\n","protected":false},"excerpt":{"rendered":"<p>El poco respeto por las medidas dictaminadas por el gobierno nacional y el momento de la pandemia: contemplar y buscar<\/p>\n","protected":false},"author":2,"featured_media":22757,"comment_status":"closed","ping_status":"closed","sticky":false,"template":"","format":"standard","meta":{"_jetpack_memberships_contains_paid_content":false,"footnotes":""},"categories":[4,1],"tags":[],"class_list":["post-22756","post","type-post","status-publish","format-standard","has-post-thumbnail","hentry","category-politica","category-portada"],"jetpack_featured_media_url":"https:\/\/i0.wp.com\/cdnoticias.com\/wp-content\/uploads\/2021\/05\/borzi-aramburu.jpg?fit=1280%2C792&ssl=1","jetpack_sharing_enabled":true,"_links":{"self":[{"href":"https:\/\/cdnoticias.com\/index.php\/wp-json\/wp\/v2\/posts\/22756","targetHints":{"allow":["GET"]}}],"collection":[{"href":"https:\/\/cdnoticias.com\/index.php\/wp-json\/wp\/v2\/posts"}],"about":[{"href":"https:\/\/cdnoticias.com\/index.php\/wp-json\/wp\/v2\/types\/post"}],"author":[{"embeddable":true,"href":"https:\/\/cdnoticias.com\/index.php\/wp-json\/wp\/v2\/users\/2"}],"replies":[{"embeddable":true,"href":"https:\/\/cdnoticias.com\/index.php\/wp-json\/wp\/v2\/comments?post=22756"}],"version-history":[{"count":0,"href":"https:\/\/cdnoticias.com\/index.php\/wp-json\/wp\/v2\/posts\/22756\/revisions"}],"wp:featuredmedia":[{"embeddable":true,"href":"https:\/\/cdnoticias.com\/index.php\/wp-json\/wp\/v2\/media\/22757"}],"wp:attachment":[{"href":"https:\/\/cdnoticias.com\/index.php\/wp-json\/wp\/v2\/media?parent=22756"}],"wp:term":[{"taxonomy":"category","embeddable":true,"href":"https:\/\/cdnoticias.com\/index.php\/wp-json\/wp\/v2\/categories?post=22756"},{"taxonomy":"post_tag","embeddable":true,"href":"https:\/\/cdnoticias.com\/index.php\/wp-json\/wp\/v2\/tags?post=22756"}],"curies":[{"name":"wp","href":"https:\/\/api.w.org\/{rel}","templated":true}]}}