{"id":22721,"date":"2021-05-29T18:22:38","date_gmt":"2021-05-29T21:22:38","guid":{"rendered":"http:\/\/www.centraldenoticias.com.ar\/?p=22721"},"modified":"2021-05-29T18:22:38","modified_gmt":"2021-05-29T21:22:38","slug":"vuelve-la-fase-3-a-olavarria-que-actividades-estaran-habilitadas","status":"publish","type":"post","link":"https:\/\/cdnoticias.com\/index.php\/2021\/05\/29\/vuelve-la-fase-3-a-olavarria-que-actividades-estaran-habilitadas\/","title":{"rendered":"Vuelve la Fase 3 a Olavarr\u00eda: qu\u00e9 actividades estar\u00e1n habilitadas"},"content":{"rendered":"<p>La situaci\u00f3n vuelve nueve d\u00edas atr\u00e1s, antes de las medidas de confinamiento dictaminadas por el Presidente. Reabrir\u00e1n gimnasios, bares y restaurantes con 30% de capacidad y las visitas a geri\u00e1tricos.<!--more--><\/p>\n<hr \/>\n<p>Con el regreso de la <strong>Fase 3 a Olavarr\u00eda -siendo uno de tan s\u00f3lo 13 distritos en toda la Provincia- gran parte de los rubros comerciales y actividades deportivas y de ejercicios volver\u00e1n a funcionar. Habr\u00e1 limitaci\u00f3n de horarios y protocolos, pero pr\u00e1cticamente todo funcionando.<\/strong><\/p>\n<p>&nbsp;<\/p>\n<blockquote><p>En primera instancia,<a href=\"https:\/\/cdnoticias.com\/index.php\/2021\/05\/29\/los-chicos-podran-volver-a-tener-clases-presenciales-en-los-establecimientos-educativos\/\" target=\"_blank\" rel=\"noopener\"> el Intendente confirm\u00f3 que el lunes regresar\u00e1n las clases presenciales en todas las instituciones educativas del Partido<\/a>, bajo el sistema de burbujas impulsadas por protocolo.<\/p><\/blockquote>\n<p>&nbsp;<\/p>\n<p><strong>Los locales comerciales, sean esenciales o no, podr\u00e1n funcionar hasta las 20 horas,<\/strong> respetando los protocolos de ingreso y capacidad. Adem\u00e1s<strong>, volver\u00e1 el cobro del Estacionamiento Medido<\/strong> tambi\u00e9n hasta las 20.<\/p>\n<p>&nbsp;<\/p>\n<blockquote><p>Los gimnasios, espacios de actividad f\u00edsica tales como pilates, yoga o crossfit podr\u00e1n realizar su actividad con normalidad tambi\u00e9n hasta las 20, as\u00ed como se rehabilitar\u00e1n las competencias deportivas, sin p\u00fablico y con competidores \u00fanicamente locales.<\/p><\/blockquote>\n<p>&nbsp;<\/p>\n<p>A su vez,<strong> volver\u00e1 \u201cel fulbito\u201d dado que se habilita la pr\u00e1ctica recreativa de deportes grupales de contacto al aire libre, as\u00ed como tambi\u00e9n los deportes en conjunto hasta 10 personas, al aire libre o en espacios cerrados con amplia ventilaci\u00f3n.<\/strong><\/p>\n<p>&nbsp;<\/p>\n<p><strong>Se podr\u00e1n realizar eventos religiosos hasta 20 personas<\/strong>, en espacios p\u00fablicos al aire libre y reabrir\u00e1n los templos para realizar oraciones, con capacidad m\u00ednima. <strong>Se podr\u00e1n realizar eventos culturales, sociales y recreativos, en espacios p\u00fablicos al aire libre hasta 10 personas<\/strong>, as\u00ed como tambi\u00e9n talleres culturales hasta 20 personas, al aire libre o en espacios cerrados con amplia ventilaci\u00f3n.<\/p>\n<p>&nbsp;<\/p>\n<blockquote><p>Con respecto a los bares y restaurantes, podr\u00e1n funcionar con un capacidad de 30% del aforo puertas adentro hasta las 23 horas m\u00e1ximo.<\/p><\/blockquote>\n<p>&nbsp;<\/p>\n<p>Finalmente<strong>, regresar\u00e1n las visitas a geri\u00e1tricos tras ser suspendidas<\/strong>, reanudadas apenas algunos d\u00edas y nuevamente suspendidas.<\/p>\n<p>&nbsp;<\/p>\n<p><strong>Todas estas nuevas medidas regir\u00e1n desde el lunes 31 de mayo.<\/strong><\/p>\n","protected":false},"excerpt":{"rendered":"<p>La situaci\u00f3n vuelve nueve d\u00edas atr\u00e1s, antes de las medidas de confinamiento dictaminadas por el Presidente. Reabrir\u00e1n gimnasios, bares y<\/p>\n","protected":false},"author":2,"featured_media":963,"comment_status":"closed","ping_status":"closed","sticky":false,"template":"","format":"standard","meta":{"_jetpack_memberships_contains_paid_content":false,"footnotes":""},"categories":[16,1],"tags":[],"class_list":["post-22721","post","type-post","status-publish","format-standard","has-post-thumbnail","hentry","category-covid-19","category-portada"],"jetpack_featured_media_url":"https:\/\/i0.wp.com\/cdnoticias.com\/wp-content\/uploads\/2020\/09\/comercios3.jpg?fit=4272%2C2532&ssl=1","jetpack_sharing_enabled":true,"_links":{"self":[{"href":"https:\/\/cdnoticias.com\/index.php\/wp-json\/wp\/v2\/posts\/22721","targetHints":{"allow":["GET"]}}],"collection":[{"href":"https:\/\/cdnoticias.com\/index.php\/wp-json\/wp\/v2\/posts"}],"about":[{"href":"https:\/\/cdnoticias.com\/index.php\/wp-json\/wp\/v2\/types\/post"}],"author":[{"embeddable":true,"href":"https:\/\/cdnoticias.com\/index.php\/wp-json\/wp\/v2\/users\/2"}],"replies":[{"embeddable":true,"href":"https:\/\/cdnoticias.com\/index.php\/wp-json\/wp\/v2\/comments?post=22721"}],"version-history":[{"count":0,"href":"https:\/\/cdnoticias.com\/index.php\/wp-json\/wp\/v2\/posts\/22721\/revisions"}],"wp:featuredmedia":[{"embeddable":true,"href":"https:\/\/cdnoticias.com\/index.php\/wp-json\/wp\/v2\/media\/963"}],"wp:attachment":[{"href":"https:\/\/cdnoticias.com\/index.php\/wp-json\/wp\/v2\/media?parent=22721"}],"wp:term":[{"taxonomy":"category","embeddable":true,"href":"https:\/\/cdnoticias.com\/index.php\/wp-json\/wp\/v2\/categories?post=22721"},{"taxonomy":"post_tag","embeddable":true,"href":"https:\/\/cdnoticias.com\/index.php\/wp-json\/wp\/v2\/tags?post=22721"}],"curies":[{"name":"wp","href":"https:\/\/api.w.org\/{rel}","templated":true}]}}