{"id":22713,"date":"2021-05-29T17:11:20","date_gmt":"2021-05-29T20:11:20","guid":{"rendered":"http:\/\/www.centraldenoticias.com.ar\/?p=22713"},"modified":"2021-05-29T18:25:28","modified_gmt":"2021-05-29T21:25:28","slug":"se-registraron-55-nuevos-casos-de-covid-y-una-persona-fallecida","status":"publish","type":"post","link":"https:\/\/cdnoticias.com\/index.php\/2021\/05\/29\/se-registraron-55-nuevos-casos-de-covid-y-una-persona-fallecida\/","title":{"rendered":"Se registraron 55 nuevos casos de COVID y una persona fallecida"},"content":{"rendered":"<p>As\u00ed lo confirm\u00f3 la Secretar\u00eda de Salud. La v\u00edctima es un hombre de 73 a\u00f1os. Se realizaron 137 hisopados. Hay, en el Hospital, 49 personas internadas: 15 en Terapia Intensiva.\u00a0<!--more--><\/p>\n<hr \/>\n<p>En la jornada de este s\u00e1bado, <strong>la Secretar\u00eda de Salud municipal inform\u00f3 el fallecimiento de una persona por COVID y, adem\u00e1s, la detecci\u00f3n de 55 nuevos casos de 137 hisopados realizados.<\/strong><\/p>\n<p>&nbsp;<\/p>\n<p>Seg\u00fan se detall\u00f3, <strong>la v\u00edctima fatal era un hombre de 73 a\u00f1os que estaba internado desde hac\u00eda 5 d\u00edas en la Sala COVID del Hospital Municipal<\/strong>. Con este lamentable hecho, se transformaron en 272 las muertes por el contagio del virus.<\/p>\n<p>&nbsp;<\/p>\n<p><img data-recalc-dims=\"1\" loading=\"lazy\" decoding=\"async\" class=\"alignnone size-large wp-image-22716\" src=\"https:\/\/i0.wp.com\/cdnoticias.com\/wp-content\/uploads\/2021\/05\/WhatsApp-Image-2021-05-29-at-17.02.09.jpeg?resize=800%2C800&#038;ssl=1\" alt=\"\" width=\"800\" height=\"800\" srcset=\"https:\/\/i0.wp.com\/cdnoticias.com\/wp-content\/uploads\/2021\/05\/WhatsApp-Image-2021-05-29-at-17.02.09.jpeg?resize=1024%2C1024&amp;ssl=1 1024w, https:\/\/i0.wp.com\/cdnoticias.com\/wp-content\/uploads\/2021\/05\/WhatsApp-Image-2021-05-29-at-17.02.09.jpeg?resize=150%2C150&amp;ssl=1 150w, https:\/\/i0.wp.com\/cdnoticias.com\/wp-content\/uploads\/2021\/05\/WhatsApp-Image-2021-05-29-at-17.02.09.jpeg?resize=300%2C300&amp;ssl=1 300w, https:\/\/i0.wp.com\/cdnoticias.com\/wp-content\/uploads\/2021\/05\/WhatsApp-Image-2021-05-29-at-17.02.09.jpeg?resize=768%2C768&amp;ssl=1 768w, https:\/\/i0.wp.com\/cdnoticias.com\/wp-content\/uploads\/2021\/05\/WhatsApp-Image-2021-05-29-at-17.02.09.jpeg?w=1200&amp;ssl=1 1200w\" sizes=\"auto, (max-width: 800px) 100vw, 800px\" \/><\/p>\n<p>&nbsp;<\/p>\n<p>En paralelo, de los 137 testeos realizados fueron 55 positivos y 82 descartados. <strong>Con 62 altas de pacientes, son 555 las personas que transitan la enfermedad en nuestra ciudad: el 90% de ellas tiene menos de 60 a\u00f1os.<\/strong><\/p>\n<p>&nbsp;<\/p>\n<p><img data-recalc-dims=\"1\" loading=\"lazy\" decoding=\"async\" class=\"alignnone size-large wp-image-22715\" src=\"https:\/\/i0.wp.com\/cdnoticias.com\/wp-content\/uploads\/2021\/05\/WhatsApp-Image-2021-05-29-at-17.02.11.jpeg?resize=800%2C800&#038;ssl=1\" alt=\"\" width=\"800\" height=\"800\" srcset=\"https:\/\/i0.wp.com\/cdnoticias.com\/wp-content\/uploads\/2021\/05\/WhatsApp-Image-2021-05-29-at-17.02.11.jpeg?resize=1024%2C1024&amp;ssl=1 1024w, https:\/\/i0.wp.com\/cdnoticias.com\/wp-content\/uploads\/2021\/05\/WhatsApp-Image-2021-05-29-at-17.02.11.jpeg?resize=150%2C150&amp;ssl=1 150w, https:\/\/i0.wp.com\/cdnoticias.com\/wp-content\/uploads\/2021\/05\/WhatsApp-Image-2021-05-29-at-17.02.11.jpeg?resize=300%2C300&amp;ssl=1 300w, https:\/\/i0.wp.com\/cdnoticias.com\/wp-content\/uploads\/2021\/05\/WhatsApp-Image-2021-05-29-at-17.02.11.jpeg?resize=768%2C768&amp;ssl=1 768w, https:\/\/i0.wp.com\/cdnoticias.com\/wp-content\/uploads\/2021\/05\/WhatsApp-Image-2021-05-29-at-17.02.11.jpeg?w=1200&amp;ssl=1 1200w\" sizes=\"auto, (max-width: 800px) 100vw, 800px\" \/><\/p>\n<p>&nbsp;<\/p>\n<p><strong>La semana sanitaria finaliza con un alza en la ocupaci\u00f3n hospitalaria<\/strong>: hay 15% internadas en Terapia Intensiva (80% de ocupaci\u00f3n), 31 en Cl\u00ednica COVID (86% de ocupaci\u00f3n) y 3 internados en el \u00e1rea de maternidad, adaptada para alojar casos positivos (53%). Tanto en Salud Mental como en Pediatr\u00eda no hay internados por el virus.<\/p>\n<p>&nbsp;<\/p>\n<p><img data-recalc-dims=\"1\" loading=\"lazy\" decoding=\"async\" class=\"alignnone size-large wp-image-22714\" src=\"https:\/\/i0.wp.com\/cdnoticias.com\/wp-content\/uploads\/2021\/05\/WhatsApp-Image-2021-05-29-at-17.02.14.jpeg?resize=800%2C800&#038;ssl=1\" alt=\"\" width=\"800\" height=\"800\" srcset=\"https:\/\/i0.wp.com\/cdnoticias.com\/wp-content\/uploads\/2021\/05\/WhatsApp-Image-2021-05-29-at-17.02.14.jpeg?resize=1024%2C1024&amp;ssl=1 1024w, https:\/\/i0.wp.com\/cdnoticias.com\/wp-content\/uploads\/2021\/05\/WhatsApp-Image-2021-05-29-at-17.02.14.jpeg?resize=150%2C150&amp;ssl=1 150w, https:\/\/i0.wp.com\/cdnoticias.com\/wp-content\/uploads\/2021\/05\/WhatsApp-Image-2021-05-29-at-17.02.14.jpeg?resize=300%2C300&amp;ssl=1 300w, https:\/\/i0.wp.com\/cdnoticias.com\/wp-content\/uploads\/2021\/05\/WhatsApp-Image-2021-05-29-at-17.02.14.jpeg?resize=768%2C768&amp;ssl=1 768w, https:\/\/i0.wp.com\/cdnoticias.com\/wp-content\/uploads\/2021\/05\/WhatsApp-Image-2021-05-29-at-17.02.14.jpeg?w=1200&amp;ssl=1 1200w\" sizes=\"auto, (max-width: 800px) 100vw, 800px\" \/><\/p>\n<p>&nbsp;<\/p>\n<p>En la evaluaci\u00f3n semanal,<strong> Olavarr\u00eda se encuentra en una situaci\u00f3n un poco m\u00e1s comprometedora<\/strong>: el n\u00famero de incidencia de casos de la semana fue de 52.0 (en rango medio) y la raz\u00f3n de los casos fue 1.3 (alto).<\/p>\n","protected":false},"excerpt":{"rendered":"<p>As\u00ed lo confirm\u00f3 la Secretar\u00eda de Salud. La v\u00edctima es un hombre de 73 a\u00f1os. Se realizaron 137 hisopados. Hay,<\/p>\n","protected":false},"author":2,"featured_media":22401,"comment_status":"closed","ping_status":"closed","sticky":false,"template":"","format":"standard","meta":{"_jetpack_memberships_contains_paid_content":false,"footnotes":""},"categories":[16,1],"tags":[],"class_list":["post-22713","post","type-post","status-publish","format-standard","has-post-thumbnail","hentry","category-covid-19","category-portada"],"jetpack_featured_media_url":"https:\/\/i0.wp.com\/cdnoticias.com\/wp-content\/uploads\/2021\/05\/testeo-covid03.jpg?fit=800%2C445&ssl=1","jetpack_sharing_enabled":true,"_links":{"self":[{"href":"https:\/\/cdnoticias.com\/index.php\/wp-json\/wp\/v2\/posts\/22713","targetHints":{"allow":["GET"]}}],"collection":[{"href":"https:\/\/cdnoticias.com\/index.php\/wp-json\/wp\/v2\/posts"}],"about":[{"href":"https:\/\/cdnoticias.com\/index.php\/wp-json\/wp\/v2\/types\/post"}],"author":[{"embeddable":true,"href":"https:\/\/cdnoticias.com\/index.php\/wp-json\/wp\/v2\/users\/2"}],"replies":[{"embeddable":true,"href":"https:\/\/cdnoticias.com\/index.php\/wp-json\/wp\/v2\/comments?post=22713"}],"version-history":[{"count":0,"href":"https:\/\/cdnoticias.com\/index.php\/wp-json\/wp\/v2\/posts\/22713\/revisions"}],"wp:featuredmedia":[{"embeddable":true,"href":"https:\/\/cdnoticias.com\/index.php\/wp-json\/wp\/v2\/media\/22401"}],"wp:attachment":[{"href":"https:\/\/cdnoticias.com\/index.php\/wp-json\/wp\/v2\/media?parent=22713"}],"wp:term":[{"taxonomy":"category","embeddable":true,"href":"https:\/\/cdnoticias.com\/index.php\/wp-json\/wp\/v2\/categories?post=22713"},{"taxonomy":"post_tag","embeddable":true,"href":"https:\/\/cdnoticias.com\/index.php\/wp-json\/wp\/v2\/tags?post=22713"}],"curies":[{"name":"wp","href":"https:\/\/api.w.org\/{rel}","templated":true}]}}