{"id":22706,"date":"2021-05-29T15:25:15","date_gmt":"2021-05-29T18:25:15","guid":{"rendered":"http:\/\/www.centraldenoticias.com.ar\/?p=22706"},"modified":"2021-05-29T17:11:39","modified_gmt":"2021-05-29T20:11:39","slug":"acatamiento-total-al-paro-de-uta-en-olavarria","status":"publish","type":"post","link":"https:\/\/cdnoticias.com\/index.php\/2021\/05\/29\/acatamiento-total-al-paro-de-uta-en-olavarria\/","title":{"rendered":"\u201cAcatamiento total\u201d al paro de UTA en Olavarr\u00eda"},"content":{"rendered":"<p>El martes habr\u00e1 una reuni\u00f3n del sindicato con empresarios para avanzar en la negociaci\u00f3n. Acuerdo para los choferes de larga distancia.<!--more--><\/p>\n<hr \/>\n<p><strong>Este jueves y viernes se desarroll\u00f3 en Olavarr\u00eda, en numerosos puntos del pa\u00eds, un paro de choferes de colectivos urbanos, suburbanos y de larga distancia<\/strong>.<\/p>\n<p>&nbsp;<\/p>\n<p><strong>La medida de fuerza fue convocada por el sindicato UTA<\/strong> <a href=\"https:\/\/cdnoticias.com\/index.php\/2021\/05\/26\/sin-respuesta-salarial-y-sin-vacunas-la-uta-va-a-un-paro-de-48-horas\/\" target=\"_blank\" rel=\"noopener\">para reclamar \u201cmejoras salariales\u201d y que el personal sea tenido en cuenta como prioritario para la vacunaci\u00f3n contra el Covid<\/a>.<\/p>\n<p>&nbsp;<\/p>\n<blockquote><p>\u201cEl acatamiento fue total, 100% en Olavarr\u00eda, y en el interior fue de 99%\u201d destac\u00f3 el delegado local de UTA, Jorge Pad\u00edn, en di\u00e1logo con Central de Noticias.<\/p><\/blockquote>\n<p>&nbsp;<\/p>\n<p>Indic\u00f3 que no se obtuvieron respuestas para las demandas y adelant\u00f3 que <strong>\u201cel martes a las 13 horas habr\u00e1 una reuni\u00f3n del Consejo Directivo (de UTA) con empresarios\u201d<\/strong>. Tras este encuentro se evaluar\u00e1n nuevas medidas de fuerza.<\/p>\n<p>&nbsp;<\/p>\n<p><img data-recalc-dims=\"1\" loading=\"lazy\" decoding=\"async\" class=\"size-full wp-image-12275 aligncenter\" src=\"https:\/\/i0.wp.com\/cdnoticias.com\/wp-content\/uploads\/2021\/01\/ola-bus-transporte04.jpg?resize=800%2C445&#038;ssl=1\" alt=\"\" width=\"800\" height=\"445\" srcset=\"https:\/\/i0.wp.com\/cdnoticias.com\/wp-content\/uploads\/2021\/01\/ola-bus-transporte04.jpg?w=1000&amp;ssl=1 1000w, https:\/\/i0.wp.com\/cdnoticias.com\/wp-content\/uploads\/2021\/01\/ola-bus-transporte04.jpg?resize=300%2C167&amp;ssl=1 300w, https:\/\/i0.wp.com\/cdnoticias.com\/wp-content\/uploads\/2021\/01\/ola-bus-transporte04.jpg?resize=768%2C427&amp;ssl=1 768w, https:\/\/i0.wp.com\/cdnoticias.com\/wp-content\/uploads\/2021\/01\/ola-bus-transporte04.jpg?resize=800%2C445&amp;ssl=1 800w\" sizes=\"auto, (max-width: 800px) 100vw, 800px\" \/><\/p>\n<p>&nbsp;<\/p>\n<p>&nbsp;<\/p>\n<p><strong>El titular de la UTA nacional, Roberto Fern\u00e1ndez<\/strong>, hab\u00eda expresado este viernes que el paro de actividades \u201csigue con una efectividad del 100 por ciento porque las c\u00e1maras empresarias de las distintas provincias se han negado a recomponer salarios de los trabajadores\u201d.<\/p>\n<p>&nbsp;<\/p>\n<blockquote><p>Acerca de la reuni\u00f3n prevista para el martes advirti\u00f3 que \u201csi las c\u00e1maras y los empresarios no acceden a recomponer los salarios, continuar\u00e1n las medidas de fuerza seguramente\u201d.<\/p><\/blockquote>\n<p>&nbsp;<\/p>\n<p><strong>Acuerdo para los trabajadores de larga distancia<\/strong><\/p>\n<p>&nbsp;<\/p>\n<p>La rama larga distancia de la Uni\u00f3n Tranviarios Automotor (UTA) alcanz\u00f3 un acuerdo paritario con el sector empresario por el cual <strong>se otorgar\u00e1 a los trabajares suspendidos un sueldo no remunerativo de 42.000 pesos para marzo y abril y 48.000 pesos para mayo y junio<\/strong>.<\/p>\n<p>&nbsp;<\/p>\n<p>El acuerdo estipul\u00f3 adem\u00e1s, un <strong>salario b\u00e1sico conformado de 46.211 pesos<\/strong>, m\u00e1s 9.200 pesos no remunerativos de marzo a junio, adem\u00e1s de los 4.000 pesos del decreto 14\/2020 para los choferes que prestan tareas, informaron a T\u00e9lam voceros del Ministerio de Trabajo.<\/p>\n<p>&nbsp;<\/p>\n<p><img data-recalc-dims=\"1\" loading=\"lazy\" decoding=\"async\" class=\"alignnone size-full wp-image-22707\" src=\"https:\/\/i0.wp.com\/cdnoticias.com\/wp-content\/uploads\/2021\/05\/telam-choferes-colectivos.jpg?resize=800%2C445&#038;ssl=1\" alt=\"\" width=\"800\" height=\"445\" srcset=\"https:\/\/i0.wp.com\/cdnoticias.com\/wp-content\/uploads\/2021\/05\/telam-choferes-colectivos.jpg?w=800&amp;ssl=1 800w, https:\/\/i0.wp.com\/cdnoticias.com\/wp-content\/uploads\/2021\/05\/telam-choferes-colectivos.jpg?resize=300%2C167&amp;ssl=1 300w, https:\/\/i0.wp.com\/cdnoticias.com\/wp-content\/uploads\/2021\/05\/telam-choferes-colectivos.jpg?resize=768%2C427&amp;ssl=1 768w\" sizes=\"auto, (max-width: 800px) 100vw, 800px\" \/><\/p>\n<p>&nbsp;<\/p>\n<p>&#8220;No es un acuerdo del sindicato UTA de interior, es para UTA-larga distancia. Los trabajadores de UTA-interior siguen con el paro y el martes pr\u00f3ximo, a las 13.30 horas, tendr\u00e1n una <strong>audiencia de conciliaci\u00f3n<\/strong> con la presencia del Ministerio de Trabajo, el Ministerio de Transportes y otras autoridades&#8221;, indicaron fuentes de la cartera laboral.<\/p>\n<p>&nbsp;<\/p>\n<p>El titular de la UTA, Roberto Fern\u00e1ndez, confirm\u00f3 a T\u00e9lam el acuerdo alcanzado para el sector de la gente &#8220;que est\u00e1 en espera (que no presta servicios) de 48.000 pesos para abril y para mayo y de 59.000 pesos para aquellos trabajadores que est\u00e1n en circulaci\u00f3n&#8221;.<\/p>\n<p>&nbsp;<\/p>\n<p>&#8220;Nosotros <strong>tenemos al 80 por ciento de los trabajadores parados (producto de la pandemia)<\/strong>. En los servicios de larga distancia solamente est\u00e1 trabajando un 20 por ciento de los trabajadores en algunos casos y en otros casos menos a\u00fan&#8221;, grafic\u00f3 Fern\u00e1ndez.<\/p>\n<p>&nbsp;<\/p>\n<p>Por esa raz\u00f3n, &#8220;el salario de los choferes se dividi\u00f3 en dos: un aporte que hace el Estado para cerrar la paritaria para la gente que no trabaja de 48.000 pesos y un aporte para los que s\u00ed est\u00e1n trabajando de 59.000 pesos&#8221;, agreg\u00f3.<\/p>\n<p>&nbsp;<\/p>\n<p><strong>En Mar del Plata<\/strong><\/p>\n<p>&nbsp;<\/p>\n<p>La<strong> Uni\u00f3n Tranviarios Automotor (UTA) de Mar del Plata, en tanto, continua con el paro por \u201cincumplimiento\u201d de una cuota de su \u00faltima paritaria<\/strong>, por lo que este fin de semana no habr\u00e1 colectivos en la ciudad, a pesar de que se hab\u00eda anunciado que a partir de este s\u00e1bado se normalizar\u00eda el servicio.<\/p>\n<p>&nbsp;<\/p>\n<p>En un comunicado emitido por el gremio, se inform\u00f3 que &#8220;debido al incumplimiento del pago de la segunda cuota del acuerdo paritario firmado en marzo de 2021, hemos decidido continuar con la medidas de retenci\u00f3n de tareas sin presencia en nuestros puestos de trabajo\u201d.<\/p>\n<p>&nbsp;<\/p>\n<p>La medida de fuerza comenz\u00f3 el jueves e inclu\u00eda, adem\u00e1s, a las seccionales de Tierra del Fuego, Santa Fe, Bah\u00eda Blanca, C\u00f3rdoba, Comodoro Rivadavia, R\u00edo Gallegos, Tucum\u00e1n, Salta, Entre R\u00edos, Neuqu\u00e9n, Jujuy, Catamarca, La Rioja, Rosario, La Pampa, Formosa, San Luis; entre otras ciudades y provincias.<\/p>\n<p>&nbsp;<\/p>\n<p>Pese a que en el resto de la seccionales de la UTA se levant\u00f3 la medida de fuerza, en Mar del Plata la retenci\u00f3n de tareas se extender\u00e1 a todo este fin de semana.<\/p>\n","protected":false},"excerpt":{"rendered":"<p>El martes habr\u00e1 una reuni\u00f3n del sindicato con empresarios para avanzar en la negociaci\u00f3n. Acuerdo para los choferes de larga<\/p>\n","protected":false},"author":4,"featured_media":1043,"comment_status":"closed","ping_status":"closed","sticky":false,"template":"","format":"standard","meta":{"_jetpack_memberships_contains_paid_content":false,"footnotes":""},"categories":[5,1],"tags":[],"class_list":["post-22706","post","type-post","status-publish","format-standard","has-post-thumbnail","hentry","category-informacion-general","category-portada"],"jetpack_featured_media_url":"https:\/\/i0.wp.com\/cdnoticias.com\/wp-content\/uploads\/2020\/09\/Presentaci%C3%B3n-TU-bus-2.jpg?fit=3936%2C2624&ssl=1","jetpack_sharing_enabled":true,"_links":{"self":[{"href":"https:\/\/cdnoticias.com\/index.php\/wp-json\/wp\/v2\/posts\/22706","targetHints":{"allow":["GET"]}}],"collection":[{"href":"https:\/\/cdnoticias.com\/index.php\/wp-json\/wp\/v2\/posts"}],"about":[{"href":"https:\/\/cdnoticias.com\/index.php\/wp-json\/wp\/v2\/types\/post"}],"author":[{"embeddable":true,"href":"https:\/\/cdnoticias.com\/index.php\/wp-json\/wp\/v2\/users\/4"}],"replies":[{"embeddable":true,"href":"https:\/\/cdnoticias.com\/index.php\/wp-json\/wp\/v2\/comments?post=22706"}],"version-history":[{"count":0,"href":"https:\/\/cdnoticias.com\/index.php\/wp-json\/wp\/v2\/posts\/22706\/revisions"}],"wp:featuredmedia":[{"embeddable":true,"href":"https:\/\/cdnoticias.com\/index.php\/wp-json\/wp\/v2\/media\/1043"}],"wp:attachment":[{"href":"https:\/\/cdnoticias.com\/index.php\/wp-json\/wp\/v2\/media?parent=22706"}],"wp:term":[{"taxonomy":"category","embeddable":true,"href":"https:\/\/cdnoticias.com\/index.php\/wp-json\/wp\/v2\/categories?post=22706"},{"taxonomy":"post_tag","embeddable":true,"href":"https:\/\/cdnoticias.com\/index.php\/wp-json\/wp\/v2\/tags?post=22706"}],"curies":[{"name":"wp","href":"https:\/\/api.w.org\/{rel}","templated":true}]}}