{"id":22686,"date":"2021-05-29T10:37:09","date_gmt":"2021-05-29T13:37:09","guid":{"rendered":"http:\/\/www.centraldenoticias.com.ar\/?p=22686"},"modified":"2021-05-29T15:25:53","modified_gmt":"2021-05-29T18:25:53","slug":"la-casa-de-la-provincia-de-olavarria-de-las-primeras-en-licitarse","status":"publish","type":"post","link":"https:\/\/cdnoticias.com\/index.php\/2021\/05\/29\/la-casa-de-la-provincia-de-olavarria-de-las-primeras-en-licitarse\/","title":{"rendered":"La Casa de la Provincia de Olavarr\u00eda, de las primeras en licitarse"},"content":{"rendered":"<p>Lo anunci\u00f3 el Ministerio de Infraestructura provincial, junto con las de Baradero, Chascom\u00fas y Ezeiza. Una obra pensada \u201cen el marco de la pandemia\u201d. Ezequiel Galli estuvo en el acto de apertura de ofertas.<!--more--><\/p>\n<hr \/>\n<p><strong>El Ministerio de Infraestructura y Servicios P\u00fablicos, a trav\u00e9s de la Subsecretar\u00eda de Obras P\u00fablicas y en articulaci\u00f3n con el Ministerio de Gobierno bonaerense, licit\u00f3 las obras para la construcci\u00f3n de las primeras cuatro Casas de la Provincia<\/strong>.<\/p>\n<p>&nbsp;<\/p>\n<p><strong>Una de ellas se construir\u00e1 en Olavarr\u00eda y del acto de apertura de ofertas particip\u00f3 el intendente Ezequiel Galli<\/strong>. En paralelo se licitaron tambi\u00e9n edificios similares para Baradero, Chascom\u00fas y Ezeiza.<\/p>\n<p>&nbsp;<\/p>\n<blockquote><p>\u201cEstos edificios est\u00e1n destinados a acercar el Estado Provincial a los vecinos y vecinas de todo el territorio bonaerense. Se busca brindar un espacio a aquellos organismos provinciales que tienen presencia en los municipios, con el fin de agilizar los distintos tr\u00e1mites administrativos\u201d se record\u00f3 sobre la obra.<\/p><\/blockquote>\n<p>&nbsp;<\/p>\n<p>El dise\u00f1o de las Casas de la Provincia <strong>se pens\u00f3 \u201cen el marco de la pandemia\u201d<\/strong>, para facilitar la ventilaci\u00f3n y evitar la aglomeraci\u00f3n de personas. Cabe recordar que <a href=\"https:\/\/cdnoticias.com\/index.php\/2021\/05\/01\/como-sera-la-futura-sede-de-la-casa-de-la-provincia\/\" target=\"_blank\" rel=\"noopener\">en Olavarr\u00eda, la obra se desarrollar\u00e1 en Jun\u00edn casi Necochea<\/a>.<\/p>\n<p>&nbsp;<\/p>\n<p><img data-recalc-dims=\"1\" loading=\"lazy\" decoding=\"async\" class=\"alignnone size-full wp-image-20330\" src=\"https:\/\/i0.wp.com\/cdnoticias.com\/wp-content\/uploads\/2021\/04\/casa-de-la-provincia03.jpg?resize=800%2C445&#038;ssl=1\" alt=\"\" width=\"800\" height=\"445\" srcset=\"https:\/\/i0.wp.com\/cdnoticias.com\/wp-content\/uploads\/2021\/04\/casa-de-la-provincia03.jpg?w=800&amp;ssl=1 800w, https:\/\/i0.wp.com\/cdnoticias.com\/wp-content\/uploads\/2021\/04\/casa-de-la-provincia03.jpg?resize=300%2C167&amp;ssl=1 300w, https:\/\/i0.wp.com\/cdnoticias.com\/wp-content\/uploads\/2021\/04\/casa-de-la-provincia03.jpg?resize=768%2C427&amp;ssl=1 768w\" sizes=\"auto, (max-width: 800px) 100vw, 800px\" \/><\/p>\n<p>&nbsp;<\/p>\n<p>El objetivo de la obra es <strong>mejorar la calidad de atenci\u00f3n al p\u00fablico<\/strong>, mediante sistemas orientados a la \u201cventanilla \u00fanica\u201d y la atenci\u00f3n personalizada. Entre las dependencias que podr\u00e1 albergar el edificio se encuentran <em>el Registro Provincial de las Personas, el Instituto de Previsi\u00f3n Social, IOMA, ARBA, Patronato de Liberados, delegaciones del Ministerio de Trabajo, Educaci\u00f3n y Ministerio de Mujeres<\/em>, entre otras.<\/p>\n<p>&nbsp;<\/p>\n<p>Adem\u00e1s, esta obra implica <strong>una mejora en las condiciones laborales de los trabajadores<\/strong> que se desempe\u00f1an en estos organismos que funcionan en los municipios. Tambi\u00e9n conlleva <strong>un ahorro para la Provincia<\/strong>, ya que la mayor\u00eda de esas dependencias hoy deben alquilar locales para funcionar.<\/p>\n<p>&nbsp;<\/p>\n<p><strong>Cercan\u00eda<\/strong><\/p>\n<p>&nbsp;<\/p>\n<p>La Ministra de Gobierno, Mar\u00eda Teresa Garc\u00eda, explic\u00f3 que \u201cdesde el inicio de esta gesti\u00f3n, el gobernador <strong>Axel Kicillof nos pidi\u00f3 que acerc\u00e1ramos el Estado a los problemas de la gente<\/strong> para que las soluciones puedan estar al alcance de la mano\u201d.<\/p>\n<p>&nbsp;<\/p>\n<p>Asimismo, indic\u00f3: \u201cUna de nuestras preocupaciones ten\u00eda que ver con la <strong>necesidad de llevar sedes administrativas<\/strong> en las que pudiesen funcionar delegaciones de los organismos esenciales. Trabajamos para que las nuevas Casas de la Provincia sean capaces de reflejar y contener no s\u00f3lo la enorme extensi\u00f3n, sino tambi\u00e9n la diversidad de la provincia de Buenos Aires con sus particularidades\u201d.<\/p>\n<p>&nbsp;<\/p>\n<p>\u201cLa pandemia y las consecuentes limitaciones para desplazarse de un punto a otro hoy han puesto en evidencia la enorme necesidad, que ya exist\u00eda en el interior provincial, de contar con sedes descentralizadas del gobierno provincial, que permitan<strong> agilizar los tr\u00e1mites<\/strong> sin necesidad de recorrer cientos de kil\u00f3metros hasta La Plata o a las grandes ciudades\u201d, agreg\u00f3.<\/p>\n<p><img data-recalc-dims=\"1\" loading=\"lazy\" decoding=\"async\" class=\"size-full wp-image-20331 aligncenter\" src=\"https:\/\/i0.wp.com\/cdnoticias.com\/wp-content\/uploads\/2021\/04\/casa-de-la-provincia00.jpg?resize=768%2C426&#038;ssl=1\" alt=\"\" width=\"768\" height=\"426\" srcset=\"https:\/\/i0.wp.com\/cdnoticias.com\/wp-content\/uploads\/2021\/04\/casa-de-la-provincia00.jpg?w=768&amp;ssl=1 768w, https:\/\/i0.wp.com\/cdnoticias.com\/wp-content\/uploads\/2021\/04\/casa-de-la-provincia00.jpg?resize=300%2C166&amp;ssl=1 300w\" sizes=\"auto, (max-width: 768px) 100vw, 768px\" \/><\/p>\n<p>&nbsp;<\/p>\n<p><strong>Calidad<\/strong><\/p>\n<p>&nbsp;<\/p>\n<p>Ernesto Selzer, Subsecretario de Obras P\u00fablicas, expres\u00f3: \u201cCumpliendo con las directivas del Gobernador Kicillof, a trav\u00e9s del Ministro Simone, <strong>vamos a ejecutar las obras de Casas de la Provincia con un nivel de calidad que no se construye hace a\u00f1os<\/strong>\u201d.<\/p>\n<p>&nbsp;<\/p>\n<blockquote><p>Agreg\u00f3 que \u201cestas obras, adem\u00e1s, est\u00e1n pensadas para crear nuevos puestos de trabajo, para que puedan construirlas empresas locales con materiales y mano de obra propia. En cuanto al dise\u00f1o, es importante destacar que lo concebimos en el marco de la pandemia, entonces, tambi\u00e9n planteamos espacios con ventilaci\u00f3n adecuada y ambientes que eviten el amontonamiento de gente. Se trata de edificios modernos y sustentables\u201d.<\/p><\/blockquote>\n<p>&nbsp;<\/p>\n<p>Cabe destacar que <strong>los edificios ser\u00e1n accesibles y ambientalmente sustentables<\/strong>, con paneles solares para bajar el consumo el\u00e9ctrico, artefactos LED y la recuperaci\u00f3n de aguas de lluvia. Adem\u00e1s, ser\u00e1n construcciones flexibles, previendo modificaciones seg\u00fan la necesidad de cada municipio, as\u00ed como transformaciones tecnol\u00f3gicas o administrativas.<\/p>\n<p>&nbsp;<\/p>\n<p>En ese marco, Rodolfo Macera, el titular de la Direcci\u00f3n Provincial de Arquitectura, \u00e1rea que estar\u00e1 a cargo de la ejecuci\u00f3n de estos trabajos, indic\u00f3: \u201cLas Casas de la Provincia son edificios estatales que permanecer\u00e1n en el tiempo, para que, por ejemplo, <strong>ninguna dependencia del interior tenga que seguir pagando alquileres<\/strong>; son de calidad e industria nacional y generar\u00e1n empleo y desarrollo econ\u00f3mico en cada uno de los municipios\u201d.<\/p>\n<p>&nbsp;<\/p>\n<p><img data-recalc-dims=\"1\" loading=\"lazy\" decoding=\"async\" class=\"size-full wp-image-20333 aligncenter\" src=\"https:\/\/i0.wp.com\/cdnoticias.com\/wp-content\/uploads\/2021\/04\/casa-de-la-provincia02.jpg?resize=800%2C405&#038;ssl=1\" alt=\"\" width=\"800\" height=\"405\" srcset=\"https:\/\/i0.wp.com\/cdnoticias.com\/wp-content\/uploads\/2021\/04\/casa-de-la-provincia02.jpg?w=800&amp;ssl=1 800w, https:\/\/i0.wp.com\/cdnoticias.com\/wp-content\/uploads\/2021\/04\/casa-de-la-provincia02.jpg?resize=300%2C152&amp;ssl=1 300w, https:\/\/i0.wp.com\/cdnoticias.com\/wp-content\/uploads\/2021\/04\/casa-de-la-provincia02.jpg?resize=768%2C389&amp;ssl=1 768w\" sizes=\"auto, (max-width: 800px) 100vw, 800px\" \/><\/p>\n<p>&nbsp;<\/p>\n<p><strong>Licitaci\u00f3n<\/strong><\/p>\n<p>&nbsp;<\/p>\n<p>Respecto a los actos licitatorios, los mismos fueron llevados a cabo el jueves y viernes en el Auditorio \u201cIng. Huergo\u201d del Ministerio de Infraestructura y Servicios P\u00fablicos y consistieron en la<strong> apertura de 29 ofertas<\/strong>. <strong>Se espera licitar aproximadamente 80 obras para la construcci\u00f3n de Casas de la Provincia a lo largo del a\u00f1o<\/strong>.<\/p>\n<p>&nbsp;<\/p>\n<p>El presupuesto oficial para las Casas de la Provincia de Chascom\u00fas, Ezeiza y Olavarr\u00eda, que se edificar\u00e1n en tres plantas, fue <strong>superior a los 182 millones de pesos<\/strong> cada una. Por su parte, el edificio contemplado para Baradero, de dos plantas, implica una inversi\u00f3n de m\u00e1s de 146 millones de pesos por parte del gobierno bonaerense.<\/p>\n<p>&nbsp;<\/p>\n<p>A trav\u00e9s de videoconferencia, se hicieron presentes el intendente Esteban Sanzio, de Baradero, junto al subsecretario de Modernizaci\u00f3n y Gesti\u00f3n P\u00fablica, Rodrigo Garc\u00eda Otero; el subsecretario de Obras P\u00fablicas de Ezeiza, Alejandro Carballo; y <strong>los jefes comunales Javier Gast\u00f3n y Ezequiel Galli, de Chascom\u00fas y Olavarr\u00eda<\/strong>.<\/p>\n","protected":false},"excerpt":{"rendered":"<p>Lo anunci\u00f3 el Ministerio de Infraestructura provincial, junto con las de Baradero, Chascom\u00fas y Ezeiza. Una obra pensada \u201cen el<\/p>\n","protected":false},"author":4,"featured_media":22687,"comment_status":"closed","ping_status":"closed","sticky":false,"template":"","format":"standard","meta":{"_jetpack_memberships_contains_paid_content":false,"footnotes":""},"categories":[5,1],"tags":[],"class_list":["post-22686","post","type-post","status-publish","format-standard","has-post-thumbnail","hentry","category-informacion-general","category-portada"],"jetpack_featured_media_url":"https:\/\/i0.wp.com\/cdnoticias.com\/wp-content\/uploads\/2021\/05\/Casa-de-la-provincia-render.jpeg?fit=700%2C394&ssl=1","jetpack_sharing_enabled":true,"_links":{"self":[{"href":"https:\/\/cdnoticias.com\/index.php\/wp-json\/wp\/v2\/posts\/22686","targetHints":{"allow":["GET"]}}],"collection":[{"href":"https:\/\/cdnoticias.com\/index.php\/wp-json\/wp\/v2\/posts"}],"about":[{"href":"https:\/\/cdnoticias.com\/index.php\/wp-json\/wp\/v2\/types\/post"}],"author":[{"embeddable":true,"href":"https:\/\/cdnoticias.com\/index.php\/wp-json\/wp\/v2\/users\/4"}],"replies":[{"embeddable":true,"href":"https:\/\/cdnoticias.com\/index.php\/wp-json\/wp\/v2\/comments?post=22686"}],"version-history":[{"count":0,"href":"https:\/\/cdnoticias.com\/index.php\/wp-json\/wp\/v2\/posts\/22686\/revisions"}],"wp:featuredmedia":[{"embeddable":true,"href":"https:\/\/cdnoticias.com\/index.php\/wp-json\/wp\/v2\/media\/22687"}],"wp:attachment":[{"href":"https:\/\/cdnoticias.com\/index.php\/wp-json\/wp\/v2\/media?parent=22686"}],"wp:term":[{"taxonomy":"category","embeddable":true,"href":"https:\/\/cdnoticias.com\/index.php\/wp-json\/wp\/v2\/categories?post=22686"},{"taxonomy":"post_tag","embeddable":true,"href":"https:\/\/cdnoticias.com\/index.php\/wp-json\/wp\/v2\/tags?post=22686"}],"curies":[{"name":"wp","href":"https:\/\/api.w.org\/{rel}","templated":true}]}}