{"id":22684,"date":"2021-05-29T10:12:55","date_gmt":"2021-05-29T13:12:55","guid":{"rendered":"http:\/\/www.centraldenoticias.com.ar\/?p=22684"},"modified":"2021-05-29T10:12:55","modified_gmt":"2021-05-29T13:12:55","slug":"mirta-cristina-palomeque-viuda-de-marateo-q-e-p-d","status":"publish","type":"post","link":"https:\/\/cdnoticias.com\/index.php\/2021\/05\/29\/mirta-cristina-palomeque-viuda-de-marateo-q-e-p-d\/","title":{"rendered":"Mirta Cristina Palomeque viuda de Marateo (Q.E.P.D.)"},"content":{"rendered":"<p>Falleci\u00f3 en Olavarr\u00eda el d\u00eda 28 de mayo de 2021 a los 64 a\u00f1os de edad.<\/p>\n<p>Sin velatorio. Sin responso. Inhumaci\u00f3n: Cementerio Loma de Paz, s\u00e1bado 29 de mayo a las 14:30 horas.<\/p>\n<p>Vecina de Barrio San Vicente.<\/p>\n<p>Nacida en Urdampilleta.<\/p>\n<p>Jubilada.<\/p>\n","protected":false},"excerpt":{"rendered":"<p>Falleci\u00f3 en Olavarr\u00eda el d\u00eda 28 de mayo de 2021 a los 64 a\u00f1os de edad. Sin velatorio. Sin responso.<\/p>\n","protected":false},"author":4,"featured_media":0,"comment_status":"closed","ping_status":"closed","sticky":false,"template":"","format":"standard","meta":{"_jetpack_memberships_contains_paid_content":false,"footnotes":""},"categories":[10],"tags":[],"class_list":["post-22684","post","type-post","status-publish","format-standard","hentry","category-necrologicas"],"jetpack_featured_media_url":"","jetpack_sharing_enabled":true,"_links":{"self":[{"href":"https:\/\/cdnoticias.com\/index.php\/wp-json\/wp\/v2\/posts\/22684","targetHints":{"allow":["GET"]}}],"collection":[{"href":"https:\/\/cdnoticias.com\/index.php\/wp-json\/wp\/v2\/posts"}],"about":[{"href":"https:\/\/cdnoticias.com\/index.php\/wp-json\/wp\/v2\/types\/post"}],"author":[{"embeddable":true,"href":"https:\/\/cdnoticias.com\/index.php\/wp-json\/wp\/v2\/users\/4"}],"replies":[{"embeddable":true,"href":"https:\/\/cdnoticias.com\/index.php\/wp-json\/wp\/v2\/comments?post=22684"}],"version-history":[{"count":0,"href":"https:\/\/cdnoticias.com\/index.php\/wp-json\/wp\/v2\/posts\/22684\/revisions"}],"wp:attachment":[{"href":"https:\/\/cdnoticias.com\/index.php\/wp-json\/wp\/v2\/media?parent=22684"}],"wp:term":[{"taxonomy":"category","embeddable":true,"href":"https:\/\/cdnoticias.com\/index.php\/wp-json\/wp\/v2\/categories?post=22684"},{"taxonomy":"post_tag","embeddable":true,"href":"https:\/\/cdnoticias.com\/index.php\/wp-json\/wp\/v2\/tags?post=22684"}],"curies":[{"name":"wp","href":"https:\/\/api.w.org\/{rel}","templated":true}]}}