{"id":22680,"date":"2021-05-29T10:08:32","date_gmt":"2021-05-29T13:08:32","guid":{"rendered":"http:\/\/www.centraldenoticias.com.ar\/?p=22680"},"modified":"2021-05-29T10:08:32","modified_gmt":"2021-05-29T13:08:32","slug":"maria-celia-ehrk-q-e-p-d-2","status":"publish","type":"post","link":"https:\/\/cdnoticias.com\/index.php\/2021\/05\/29\/maria-celia-ehrk-q-e-p-d-2\/","title":{"rendered":"Maria Celia Ehrk (Q.E.P.D.)"},"content":{"rendered":"<p>Falleci\u00f3 en Olavarr\u00eda el d\u00eda 28 de mayo de 2021 a los 70 a\u00f1os de edad.<\/p>\n<p>Su compa\u00f1ero Juan Bautista Fuldain. Sus hijos. Sus hijos pol\u00edticos. Sus nietos. Sus hermanos. Sus sobrinos y dem\u00e1s deudos participan su fallecimiento.<\/p>\n<p>Sin velatorio. Sin responso. Cremaci\u00f3n: Crematorio Pinos de Paz, s\u00e1bado 29 a las 15. Servicio adherido a Coopelectric.<\/p>\n<p>Vecina de Barrio Mariano Moreno.<\/p>\n<p>Nacida en Olavarr\u00eda.<\/p>\n<p>Jubilada Enfermera del Instituto M\u00e9dico.<\/p>\n","protected":false},"excerpt":{"rendered":"<p>Falleci\u00f3 en Olavarr\u00eda el d\u00eda 28 de mayo de 2021 a los 70 a\u00f1os de edad. Su compa\u00f1ero Juan Bautista<\/p>\n","protected":false},"author":4,"featured_media":0,"comment_status":"closed","ping_status":"closed","sticky":false,"template":"","format":"standard","meta":{"_jetpack_memberships_contains_paid_content":false,"footnotes":""},"categories":[10],"tags":[],"class_list":["post-22680","post","type-post","status-publish","format-standard","hentry","category-necrologicas"],"jetpack_featured_media_url":"","jetpack_sharing_enabled":true,"_links":{"self":[{"href":"https:\/\/cdnoticias.com\/index.php\/wp-json\/wp\/v2\/posts\/22680","targetHints":{"allow":["GET"]}}],"collection":[{"href":"https:\/\/cdnoticias.com\/index.php\/wp-json\/wp\/v2\/posts"}],"about":[{"href":"https:\/\/cdnoticias.com\/index.php\/wp-json\/wp\/v2\/types\/post"}],"author":[{"embeddable":true,"href":"https:\/\/cdnoticias.com\/index.php\/wp-json\/wp\/v2\/users\/4"}],"replies":[{"embeddable":true,"href":"https:\/\/cdnoticias.com\/index.php\/wp-json\/wp\/v2\/comments?post=22680"}],"version-history":[{"count":0,"href":"https:\/\/cdnoticias.com\/index.php\/wp-json\/wp\/v2\/posts\/22680\/revisions"}],"wp:attachment":[{"href":"https:\/\/cdnoticias.com\/index.php\/wp-json\/wp\/v2\/media?parent=22680"}],"wp:term":[{"taxonomy":"category","embeddable":true,"href":"https:\/\/cdnoticias.com\/index.php\/wp-json\/wp\/v2\/categories?post=22680"},{"taxonomy":"post_tag","embeddable":true,"href":"https:\/\/cdnoticias.com\/index.php\/wp-json\/wp\/v2\/tags?post=22680"}],"curies":[{"name":"wp","href":"https:\/\/api.w.org\/{rel}","templated":true}]}}