{"id":22673,"date":"2021-05-28T20:29:08","date_gmt":"2021-05-28T23:29:08","guid":{"rendered":"http:\/\/www.centraldenoticias.com.ar\/?p=22673"},"modified":"2021-05-28T20:29:38","modified_gmt":"2021-05-28T23:29:38","slug":"este-sabado-llegaran-a-olavarria-otras-mil-dosis-de-la-vacuna-astrazeneca","status":"publish","type":"post","link":"https:\/\/cdnoticias.com\/index.php\/2021\/05\/28\/este-sabado-llegaran-a-olavarria-otras-mil-dosis-de-la-vacuna-astrazeneca\/","title":{"rendered":"Este s\u00e1bado llegar\u00e1n a Olavarr\u00eda otras mil dosis de la vacuna AstraZeneca"},"content":{"rendered":"<p>De esta manera ser\u00e1n 4300 las recibidas en los \u00faltimos d\u00edas. Adem\u00e1s, este viernes cerca de 600 olavarrienses fueron vacunados.<!--more--><\/p>\n<hr \/>\n<p>Contin\u00faa su marcha el Plan Provincial de Vacunaci\u00f3n y en esa senda <strong>dos importantes noticias fueron detalladas sobre el cierre de la tarde de este viernes desde Regi\u00f3n Sanitaria IX.<\/strong><\/p>\n<p>&nbsp;<\/p>\n<p><img data-recalc-dims=\"1\" loading=\"lazy\" decoding=\"async\" class=\"alignnone size-large wp-image-21243\" src=\"https:\/\/i0.wp.com\/cdnoticias.com\/wp-content\/uploads\/2021\/05\/WhatsApp-Image-2021-05-11-at-19.56.08.jpeg?resize=800%2C517&#038;ssl=1\" alt=\"\" width=\"800\" height=\"517\" srcset=\"https:\/\/i0.wp.com\/cdnoticias.com\/wp-content\/uploads\/2021\/05\/WhatsApp-Image-2021-05-11-at-19.56.08.jpeg?resize=1024%2C662&amp;ssl=1 1024w, https:\/\/i0.wp.com\/cdnoticias.com\/wp-content\/uploads\/2021\/05\/WhatsApp-Image-2021-05-11-at-19.56.08.jpeg?resize=300%2C194&amp;ssl=1 300w, https:\/\/i0.wp.com\/cdnoticias.com\/wp-content\/uploads\/2021\/05\/WhatsApp-Image-2021-05-11-at-19.56.08.jpeg?resize=768%2C497&amp;ssl=1 768w, https:\/\/i0.wp.com\/cdnoticias.com\/wp-content\/uploads\/2021\/05\/WhatsApp-Image-2021-05-11-at-19.56.08.jpeg?w=1280&amp;ssl=1 1280w\" sizes=\"auto, (max-width: 800px) 100vw, 800px\" \/><\/p>\n<p>&nbsp;<\/p>\n<p>Por un lado, se narr\u00f3 que <strong>para la jornada de este s\u00e1bado se aguarda por el arribo de otras mil dosis de la vacuna Astrazeneca, por lo que sumar\u00e1n 4300 las recibidas durante la \u00faltima semana<\/strong>. Las dosis que llegar\u00e1n en las pr\u00f3ximas horas ser\u00e1n remitidas, seg\u00fan se a\u00f1adi\u00f3, a la Mutual Carlos Alberto Moreno.<\/p>\n<p>&nbsp;<\/p>\n<p>A la par, este viernes fueron inoculadas <strong>129 personas en Hospital de Oncolog\u00eda con la primera dosis, 219 en la Facultad de Ciencias de la Salud con el segundo componente y 240 en el Servicio Territorial 2 con el segundo componente.<\/strong><\/p>\n<p>&nbsp;<\/p>\n<blockquote><p>En las \u00faltimas horas <a href=\"https:\/\/cdnoticias.com\/index.php\/2021\/05\/28\/olavarria-recibio-2-700-primeras-dosis-de-sputnik\/\" target=\"_blank\" rel=\"noopener\">llegaron a Olavarr\u00eda 2.700 primeras dosis de Sputnik V<\/a><\/p><\/blockquote>\n<p>&nbsp;<\/p>\n<p>Se record\u00f3 que <strong>la vacunaci\u00f3n es \u00fanicamente por turnos, tanto para primeras como segundas dosis,\u00a0 por lo que se le pide a la comunidad que est\u00e9n atentos a los mensajes con la notificaci\u00f3n del d\u00eda y horario para aplicarse la dosis correspondiente<\/strong>.<\/p>\n<p>&nbsp;<\/p>\n<p>Todos los interesados en acceder al plan provincial de vacunaci\u00f3n contra el coronavirus, que es p\u00fablico, gratuito y optativo, pueden sacar turno de manera virtual entrando en la\u00a0<a href=\"https:\/\/vacunatepba.gba.gob.ar\" target=\"_blank\" rel=\"noopener\">p\u00e1gina del Programa Provincial de Vacunaci\u00f3n<\/a>\u00a0 o de forma presencial en ANSES, IOMA, PAMI, Ministerio de trabajo, Centro de Documentaci\u00f3n R\u00e1pida, entre otros.<\/p>\n","protected":false},"excerpt":{"rendered":"<p>De esta manera ser\u00e1n 4300 las recibidas en los \u00faltimos d\u00edas. Adem\u00e1s, este viernes cerca de 600 olavarrienses fueron vacunados.<\/p>\n","protected":false},"author":4,"featured_media":14063,"comment_status":"closed","ping_status":"closed","sticky":false,"template":"","format":"standard","meta":{"_jetpack_memberships_contains_paid_content":false,"footnotes":""},"categories":[16,1],"tags":[],"class_list":["post-22673","post","type-post","status-publish","format-standard","has-post-thumbnail","hentry","category-covid-19","category-portada"],"jetpack_featured_media_url":"https:\/\/i0.wp.com\/cdnoticias.com\/wp-content\/uploads\/2021\/02\/vacunaci%C3%B3n-mayores-70-a%C3%B1os4.jpg?fit=4608%2C3072&ssl=1","jetpack_sharing_enabled":true,"_links":{"self":[{"href":"https:\/\/cdnoticias.com\/index.php\/wp-json\/wp\/v2\/posts\/22673","targetHints":{"allow":["GET"]}}],"collection":[{"href":"https:\/\/cdnoticias.com\/index.php\/wp-json\/wp\/v2\/posts"}],"about":[{"href":"https:\/\/cdnoticias.com\/index.php\/wp-json\/wp\/v2\/types\/post"}],"author":[{"embeddable":true,"href":"https:\/\/cdnoticias.com\/index.php\/wp-json\/wp\/v2\/users\/4"}],"replies":[{"embeddable":true,"href":"https:\/\/cdnoticias.com\/index.php\/wp-json\/wp\/v2\/comments?post=22673"}],"version-history":[{"count":0,"href":"https:\/\/cdnoticias.com\/index.php\/wp-json\/wp\/v2\/posts\/22673\/revisions"}],"wp:featuredmedia":[{"embeddable":true,"href":"https:\/\/cdnoticias.com\/index.php\/wp-json\/wp\/v2\/media\/14063"}],"wp:attachment":[{"href":"https:\/\/cdnoticias.com\/index.php\/wp-json\/wp\/v2\/media?parent=22673"}],"wp:term":[{"taxonomy":"category","embeddable":true,"href":"https:\/\/cdnoticias.com\/index.php\/wp-json\/wp\/v2\/categories?post=22673"},{"taxonomy":"post_tag","embeddable":true,"href":"https:\/\/cdnoticias.com\/index.php\/wp-json\/wp\/v2\/tags?post=22673"}],"curies":[{"name":"wp","href":"https:\/\/api.w.org\/{rel}","templated":true}]}}