{"id":22670,"date":"2021-05-28T21:32:18","date_gmt":"2021-05-29T00:32:18","guid":{"rendered":"http:\/\/www.centraldenoticias.com.ar\/?p=22670"},"modified":"2021-05-29T10:37:43","modified_gmt":"2021-05-29T13:37:43","slug":"carlos-perro-santillan-no-se-conseguira-si-no-es-con-lucha","status":"publish","type":"post","link":"https:\/\/cdnoticias.com\/index.php\/2021\/05\/28\/carlos-perro-santillan-no-se-conseguira-si-no-es-con-lucha\/","title":{"rendered":"Carlos \u201cPerro\u201d Santill\u00e1n habl\u00f3 sobre los cortes en las Rutas 226 y 3: \u201cNo se conseguir\u00e1 si no es con lucha\u201d"},"content":{"rendered":"<p>El dirigente gremial juje\u00f1o y m\u00e1ximo referente de la agrupaci\u00f3n que lleva adelante los cortes en la provincia dialog\u00f3 con Central de Noticias. \u201cNuestro apoyo incondicional a todos los compa\u00f1eros y compa\u00f1eras que est\u00e1n en las rutas\u201d.<!--more--><\/p>\n<hr \/>\n<p>En la jornada de este viernes los manifestantes que llevan adelante cortes y protestas sobre distintos tramos de la Rutas Nacionales 3 y 226 <a href=\"https:\/\/cdnoticias.com\/index.php\/2021\/05\/28\/cortes-de-ruta-el-tiempo-que-sea-necesario-vamos-a-seguir\/\" target=\"_blank\" rel=\"noopener\">ratificaron que seguir\u00e1n con las medidas ante el \u201csilencio\u201d del gobierno nacional<\/a>. Se trata de integrantes de diversas agrupaciones que integran la <strong>Corriente Nacional 1\u00b0 de Mayo, cuyo m\u00e1ximo referente es el dirigente gremial y pol\u00edtico juje\u00f1o Carlos \u201cEl Perro\u201d Santill\u00e1n, quien desde hace a\u00f1os es el secretario gremial del sindicato de empleados y obreros municipales (SEOM) de esa provincia del norte del pa\u00eds<\/strong>.<\/p>\n<p>&nbsp;<\/p>\n<p><img data-recalc-dims=\"1\" loading=\"lazy\" decoding=\"async\" class=\"alignnone size-large wp-image-22513\" src=\"https:\/\/i0.wp.com\/cdnoticias.com\/wp-content\/uploads\/2021\/05\/WhatsApp-Image-2021-05-27-at-15.38.39.jpeg?resize=800%2C450&#038;ssl=1\" alt=\"\" width=\"800\" height=\"450\" srcset=\"https:\/\/i0.wp.com\/cdnoticias.com\/wp-content\/uploads\/2021\/05\/WhatsApp-Image-2021-05-27-at-15.38.39.jpeg?resize=1024%2C576&amp;ssl=1 1024w, https:\/\/i0.wp.com\/cdnoticias.com\/wp-content\/uploads\/2021\/05\/WhatsApp-Image-2021-05-27-at-15.38.39.jpeg?resize=300%2C169&amp;ssl=1 300w, https:\/\/i0.wp.com\/cdnoticias.com\/wp-content\/uploads\/2021\/05\/WhatsApp-Image-2021-05-27-at-15.38.39.jpeg?resize=768%2C432&amp;ssl=1 768w, https:\/\/i0.wp.com\/cdnoticias.com\/wp-content\/uploads\/2021\/05\/WhatsApp-Image-2021-05-27-at-15.38.39.jpeg?w=1280&amp;ssl=1 1280w\" sizes=\"auto, (max-width: 800px) 100vw, 800px\" \/><\/p>\n<p>&nbsp;<\/p>\n<p>Santill\u00e1n dialog\u00f3 con <em><strong>Central de Noticias<\/strong><\/em> y aprovech\u00f3 la ocasi\u00f3n para enviar su<strong> apoyo y acompa\u00f1amiento a los \u201ccompa\u00f1eros que est\u00e1n en las rutas de Olavarr\u00eda, Azul, Tandil y Mar del Plata\u201d.<\/strong><\/p>\n<p>&nbsp;<\/p>\n<p>\u201cLo que est\u00e1 planteando la Corriente 1ro de mayo es salir de la consigna \u00b4trabajo genuino\u00b4, que pr\u00e1cticamente se ha vuelto un slogan vac\u00edo de contenido, y<strong> combatir las corporaciones en las que se han convertido las organizaciones sociales que con discurso de izquierda responden a los gobiernos de turno, transformando en tropa de maniobra a los y las compa\u00f1eras\u201d, agreg\u00f3.\u00a0\u00a0\u00a0\u00a0<\/strong><\/p>\n<p><strong>\u00a0\u00a0\u00a0\u00a0\u00a0\u00a0\u00a0\u00a0\u00a0\u00a0\u00a0\u00a0\u00a0\u00a0\u00a0\u00a0<\/strong><\/p>\n<figure id=\"attachment_8008\" aria-describedby=\"caption-attachment-8008\" style=\"width: 745px\" class=\"wp-caption alignnone\"><img data-recalc-dims=\"1\" loading=\"lazy\" decoding=\"async\" class=\"size-full wp-image-8008\" src=\"https:\/\/i0.wp.com\/cdnoticias.com\/wp-content\/uploads\/2020\/12\/Seillant01.jpg?resize=745%2C511&#038;ssl=1\" alt=\"\" width=\"745\" height=\"511\" srcset=\"https:\/\/i0.wp.com\/cdnoticias.com\/wp-content\/uploads\/2020\/12\/Seillant01.jpg?w=745&amp;ssl=1 745w, https:\/\/i0.wp.com\/cdnoticias.com\/wp-content\/uploads\/2020\/12\/Seillant01.jpg?resize=300%2C206&amp;ssl=1 300w, https:\/\/i0.wp.com\/cdnoticias.com\/wp-content\/uploads\/2020\/12\/Seillant01.jpg?resize=130%2C90&amp;ssl=1 130w\" sizes=\"auto, (max-width: 745px) 100vw, 745px\" \/><figcaption id=\"caption-attachment-8008\" class=\"wp-caption-text\">Santill\u00e1n junto al olavarriense Santiago Seillant, quien a fines del a\u00f1o pasado hab\u00eda sido detenido en protestas en Jujuy. Archivo.<\/figcaption><\/figure>\n<p>&nbsp;<\/p>\n<p>Vale destacar que las protestas se realizan bajo la consigna \u201ctrabajo y producci\u00f3n\u201d. En esa misma l\u00ednea Santill\u00e1n explic\u00f3 que \u201cel cambio de paradigma que plantea la Corriente 1\u00b0 De Mayo, no solo est\u00e1 plasmado en un estudio profundo, sino que se ha transformado en <strong>un proyecto que exige al gobierno nacional, a los gobiernos provinciales y municipios el trabajo en diferentes \u00e1reas de producci\u00f3n<\/strong>\u201d.<\/p>\n<p>&nbsp;<\/p>\n<p>Por \u00faltimo, enfatiz\u00f3 que el objetivo es \u201cvolver a la vieja frase \u00b4el trabajo dignifica\u00b4, que <strong>no se conseguir\u00e1 si no es con lucha. Por eso nuestro apoyo incondicional a todos y todas las compa\u00f1eras que est\u00e1n en las rutas<\/strong>\u201d, concluy\u00f3.<\/p>\n","protected":false},"excerpt":{"rendered":"<p>El dirigente gremial juje\u00f1o y m\u00e1ximo referente de la agrupaci\u00f3n que lleva adelante los cortes en la provincia dialog\u00f3 con<\/p>\n","protected":false},"author":4,"featured_media":22678,"comment_status":"closed","ping_status":"closed","sticky":false,"template":"","format":"standard","meta":{"_jetpack_memberships_contains_paid_content":false,"footnotes":""},"categories":[5,1],"tags":[],"class_list":["post-22670","post","type-post","status-publish","format-standard","has-post-thumbnail","hentry","category-informacion-general","category-portada"],"jetpack_featured_media_url":"https:\/\/i0.wp.com\/cdnoticias.com\/wp-content\/uploads\/2021\/05\/PErro-Santillan-1024x575.jpg?fit=800%2C445&ssl=1","jetpack_sharing_enabled":true,"_links":{"self":[{"href":"https:\/\/cdnoticias.com\/index.php\/wp-json\/wp\/v2\/posts\/22670","targetHints":{"allow":["GET"]}}],"collection":[{"href":"https:\/\/cdnoticias.com\/index.php\/wp-json\/wp\/v2\/posts"}],"about":[{"href":"https:\/\/cdnoticias.com\/index.php\/wp-json\/wp\/v2\/types\/post"}],"author":[{"embeddable":true,"href":"https:\/\/cdnoticias.com\/index.php\/wp-json\/wp\/v2\/users\/4"}],"replies":[{"embeddable":true,"href":"https:\/\/cdnoticias.com\/index.php\/wp-json\/wp\/v2\/comments?post=22670"}],"version-history":[{"count":0,"href":"https:\/\/cdnoticias.com\/index.php\/wp-json\/wp\/v2\/posts\/22670\/revisions"}],"wp:featuredmedia":[{"embeddable":true,"href":"https:\/\/cdnoticias.com\/index.php\/wp-json\/wp\/v2\/media\/22678"}],"wp:attachment":[{"href":"https:\/\/cdnoticias.com\/index.php\/wp-json\/wp\/v2\/media?parent=22670"}],"wp:term":[{"taxonomy":"category","embeddable":true,"href":"https:\/\/cdnoticias.com\/index.php\/wp-json\/wp\/v2\/categories?post=22670"},{"taxonomy":"post_tag","embeddable":true,"href":"https:\/\/cdnoticias.com\/index.php\/wp-json\/wp\/v2\/tags?post=22670"}],"curies":[{"name":"wp","href":"https:\/\/api.w.org\/{rel}","templated":true}]}}