{"id":22668,"date":"2021-05-28T21:02:53","date_gmt":"2021-05-29T00:02:53","guid":{"rendered":"http:\/\/www.centraldenoticias.com.ar\/?p=22668"},"modified":"2021-05-28T21:38:47","modified_gmt":"2021-05-29T00:38:47","slug":"cortes-de-ruta-el-tiempo-que-sea-necesario-vamos-a-seguir","status":"publish","type":"post","link":"https:\/\/cdnoticias.com\/index.php\/2021\/05\/28\/cortes-de-ruta-el-tiempo-que-sea-necesario-vamos-a-seguir\/","title":{"rendered":"Cortes de ruta: \u201cEl tiempo que sea necesario vamos a seguir\u201d"},"content":{"rendered":"<p>Los manifestantes definieron en asamblea sostener las protestas no solo de Olavarr\u00eda, sino tambi\u00e9n las que se llevan a cabo de manera paralela en Azul, Tandil y Mar del Plata.<!--more--><\/p>\n<hr \/>\n<p><strong>\u201cLa voluntad pol\u00edtica va a determinar en qu\u00e9 momento se levanta la protesta\u201d<\/strong>. De esa manera en di\u00e1logo con <em><strong>Central de Noticias<\/strong><\/em> Griselda Altamirano, referente regional de la Corriente 1\u00b0 de Mayo, ratific\u00f3 que el corte de ruta seguir\u00e1 durante las pr\u00f3ximas horas en la Ruta Nacional 226, a la altura de la rotonda con avenida Eva Per\u00f3n, ex Circunvalaci\u00f3n.<strong> \u201cFue lo que los compa\u00f1eros resolvieron en asamblea\u201d<\/strong>, agreg\u00f3.<\/p>\n<p>&nbsp;<\/p>\n<p>Vale recordar que fue <a href=\"https:\/\/cdnoticias.com\/index.php\/2021\/05\/26\/manifestantes-realizan-un-corte-de-la-ruta-226-por-tiempo-indeterminado\/\" target=\"_blank\" rel=\"noopener\">en la ma\u00f1ana del pasado mi\u00e9rcoles<\/a> cuando un importante grupo de personas se acerc\u00f3 y acamp\u00f3 en el lugar para reclamar<strong> \u201ccontra las pol\u00edticas de hambre y desocupaci\u00f3n que nos niegan y demoran los medios de producci\u00f3n en nuestras manos para poder salir del asistencialismo y de la pobreza\u201d<\/strong>, seg\u00fan han enfatizado en diversas ocasiones.<\/p>\n<p>&nbsp;<\/p>\n<p><img data-recalc-dims=\"1\" loading=\"lazy\" decoding=\"async\" class=\"alignnone size-large wp-image-22512\" src=\"https:\/\/i0.wp.com\/cdnoticias.com\/wp-content\/uploads\/2021\/05\/WhatsApp-Image-2021-05-27-at-15.38.38.jpeg?resize=800%2C450&#038;ssl=1\" alt=\"\" width=\"800\" height=\"450\" srcset=\"https:\/\/i0.wp.com\/cdnoticias.com\/wp-content\/uploads\/2021\/05\/WhatsApp-Image-2021-05-27-at-15.38.38.jpeg?resize=1024%2C576&amp;ssl=1 1024w, https:\/\/i0.wp.com\/cdnoticias.com\/wp-content\/uploads\/2021\/05\/WhatsApp-Image-2021-05-27-at-15.38.38.jpeg?resize=300%2C169&amp;ssl=1 300w, https:\/\/i0.wp.com\/cdnoticias.com\/wp-content\/uploads\/2021\/05\/WhatsApp-Image-2021-05-27-at-15.38.38.jpeg?resize=768%2C432&amp;ssl=1 768w, https:\/\/i0.wp.com\/cdnoticias.com\/wp-content\/uploads\/2021\/05\/WhatsApp-Image-2021-05-27-at-15.38.38.jpeg?w=1280&amp;ssl=1 1280w\" sizes=\"auto, (max-width: 800px) 100vw, 800px\" \/><\/p>\n<p>&nbsp;<\/p>\n<p>En esa misma l\u00ednea es que le <strong>reclaman al Gobierno Nacional que atienda a sus pedidos de \u201cproducci\u00f3n y trabajo\u201d<\/strong>. No obstante ello, debido al \u201csilencio\u201d y falta de respuestas es que<strong> esperan que sean funcionarios municipales y, m\u00e1s a\u00fan, de la \u00f3rbita provincial quienes escuchen el reclamo y hagan de intermediarios para poder llegar a una \u201csoluci\u00f3n pol\u00edtica y pac\u00edfica\u201d<\/strong>. <a href=\"https:\/\/cdnoticias.com\/index.php\/2021\/05\/27\/corte-de-ruta-226-estan-buscando-una-salida-represiva\/\" target=\"_blank\" rel=\"noopener\">\u201cConsideramos que est\u00e1n buscando una salida represiva\u201d<\/a>, agregaron los manifestantes ante la falta de gestos conciliadores.<\/p>\n<p>&nbsp;<\/p>\n<p><strong>\u201cBuscan el desgaste o la salida represiva\u201d<\/strong>, ampli\u00f3 en esa misma l\u00ednea Altamirano, quien narr\u00f3 que no s\u00f3lo se seguir\u00e1 durante las pr\u00f3ximas horas \u00fanicamente en el corte que se lleva a cabo en Olavarr\u00eda, sino que<strong> tambi\u00e9n los manifestantes de Azul, Tandil y Mar del Plata tambi\u00e9n votaron en asamblea continuar con las respectivas protestas que se llevan a cabo sobre distintos tramos de las rutas nacionales 3 y 226.<\/strong><\/p>\n<p>&nbsp;<\/p>\n<p><img data-recalc-dims=\"1\" loading=\"lazy\" decoding=\"async\" class=\"alignnone size-large wp-image-22407\" src=\"https:\/\/i0.wp.com\/cdnoticias.com\/wp-content\/uploads\/2021\/05\/corte-ruta-226-cdn2.jpg?resize=800%2C450&#038;ssl=1\" alt=\"\" width=\"800\" height=\"450\" srcset=\"https:\/\/i0.wp.com\/cdnoticias.com\/wp-content\/uploads\/2021\/05\/corte-ruta-226-cdn2.jpg?resize=1024%2C576&amp;ssl=1 1024w, https:\/\/i0.wp.com\/cdnoticias.com\/wp-content\/uploads\/2021\/05\/corte-ruta-226-cdn2.jpg?resize=300%2C169&amp;ssl=1 300w, https:\/\/i0.wp.com\/cdnoticias.com\/wp-content\/uploads\/2021\/05\/corte-ruta-226-cdn2.jpg?resize=768%2C432&amp;ssl=1 768w, https:\/\/i0.wp.com\/cdnoticias.com\/wp-content\/uploads\/2021\/05\/corte-ruta-226-cdn2.jpg?w=1280&amp;ssl=1 1280w\" sizes=\"auto, (max-width: 800px) 100vw, 800px\" \/><\/p>\n<p>&nbsp;<\/p>\n<p>Se especula que, como m\u00ednimo, todo se prolongue durante el fin de semana, especulando que con el lunes, primer d\u00eda h\u00e1bil se retomen las gestiones y contactos. \u201cSi no llamaron hasta ahora, consideramos que hasta el lunes no lo har\u00e1n\u201d. No obstante ello, Altamirano agreg\u00f3 que \u201cvamos resolviendo d\u00eda a d\u00eda\u201d y que el conflicto<strong> \u201cse puede resolver en cualquier momento, depende de la voluntad pol\u00edtica\u201d.<\/strong><\/p>\n<p>&nbsp;<\/p>\n<p>Por \u00faltimo, enfatiz\u00f3 que <strong>\u201cel tiempo que sea necesario vamos a seguir, fue lo que los compa\u00f1eros resolvieron en asamblea\u201d.<\/strong><\/p>\n","protected":false},"excerpt":{"rendered":"<p>Los manifestantes definieron en asamblea sostener las protestas no solo de Olavarr\u00eda, sino tambi\u00e9n las que se llevan a cabo<\/p>\n","protected":false},"author":4,"featured_media":22440,"comment_status":"closed","ping_status":"closed","sticky":false,"template":"","format":"standard","meta":{"_jetpack_memberships_contains_paid_content":false,"footnotes":""},"categories":[5,1],"tags":[],"class_list":["post-22668","post","type-post","status-publish","format-standard","has-post-thumbnail","hentry","category-informacion-general","category-portada"],"jetpack_featured_media_url":"https:\/\/i0.wp.com\/cdnoticias.com\/wp-content\/uploads\/2021\/05\/WhatsApp-Image-2021-05-26-at-17.55.14-e1622067152727.jpeg?fit=1029%2C570&ssl=1","jetpack_sharing_enabled":true,"_links":{"self":[{"href":"https:\/\/cdnoticias.com\/index.php\/wp-json\/wp\/v2\/posts\/22668","targetHints":{"allow":["GET"]}}],"collection":[{"href":"https:\/\/cdnoticias.com\/index.php\/wp-json\/wp\/v2\/posts"}],"about":[{"href":"https:\/\/cdnoticias.com\/index.php\/wp-json\/wp\/v2\/types\/post"}],"author":[{"embeddable":true,"href":"https:\/\/cdnoticias.com\/index.php\/wp-json\/wp\/v2\/users\/4"}],"replies":[{"embeddable":true,"href":"https:\/\/cdnoticias.com\/index.php\/wp-json\/wp\/v2\/comments?post=22668"}],"version-history":[{"count":0,"href":"https:\/\/cdnoticias.com\/index.php\/wp-json\/wp\/v2\/posts\/22668\/revisions"}],"wp:featuredmedia":[{"embeddable":true,"href":"https:\/\/cdnoticias.com\/index.php\/wp-json\/wp\/v2\/media\/22440"}],"wp:attachment":[{"href":"https:\/\/cdnoticias.com\/index.php\/wp-json\/wp\/v2\/media?parent=22668"}],"wp:term":[{"taxonomy":"category","embeddable":true,"href":"https:\/\/cdnoticias.com\/index.php\/wp-json\/wp\/v2\/categories?post=22668"},{"taxonomy":"post_tag","embeddable":true,"href":"https:\/\/cdnoticias.com\/index.php\/wp-json\/wp\/v2\/tags?post=22668"}],"curies":[{"name":"wp","href":"https:\/\/api.w.org\/{rel}","templated":true}]}}