{"id":22636,"date":"2021-05-28T18:53:19","date_gmt":"2021-05-28T21:53:19","guid":{"rendered":"http:\/\/www.centraldenoticias.com.ar\/?p=22636"},"modified":"2021-05-28T19:37:08","modified_gmt":"2021-05-28T22:37:08","slug":"completaron-la-vacunacion-en-residencias-de-larga-estadia-de-la-provincia-de-buenos-aires","status":"publish","type":"post","link":"https:\/\/cdnoticias.com\/index.php\/2021\/05\/28\/completaron-la-vacunacion-en-residencias-de-larga-estadia-de-la-provincia-de-buenos-aires\/","title":{"rendered":"Completaron la vacunaci\u00f3n en residencias de larga estad\u00eda de la Provincia de Buenos Aires"},"content":{"rendered":"<p>En un trabajo realizado con PAMI, se inmunizaron m\u00e1s de 60 mil adultos mayores de 2.355 residencias en los 135 municipios.\u00a0<!--more--><\/p>\n<hr \/>\n<p>En una visita al distrito de Merlo<strong>, el gobernador Axel Kicillof en conjunto con la directora ejecutiva de PAMI, Luana Volnovich y funcionarios y legisladores, anunciaron que se complet\u00f3 la inmunizaci\u00f3n contra el COVID de primeras dosis a todos los adultos mayores que se encuentran en residencias de larga estad\u00eda censadas en la provincia de Buenos Aires.<\/strong><\/p>\n<p>&nbsp;<\/p>\n<p>Kicillof y Volnovich estuvieron acompa\u00f1ados del diputado nacional M\u00e1ximo Kirchner, el ministro de Salud, Daniel Gollan, y el intendente local, Gustavo Men\u00e9ndez.<\/p>\n<p>&nbsp;<\/p>\n<p><img data-recalc-dims=\"1\" loading=\"lazy\" decoding=\"async\" class=\"alignnone size-large wp-image-22637\" src=\"https:\/\/i0.wp.com\/cdnoticias.com\/wp-content\/uploads\/2021\/05\/20210528114334_IMG_1690-01.jpeg?resize=800%2C532&#038;ssl=1\" alt=\"\" width=\"800\" height=\"532\" srcset=\"https:\/\/i0.wp.com\/cdnoticias.com\/wp-content\/uploads\/2021\/05\/20210528114334_IMG_1690-01.jpeg?resize=1024%2C681&amp;ssl=1 1024w, https:\/\/i0.wp.com\/cdnoticias.com\/wp-content\/uploads\/2021\/05\/20210528114334_IMG_1690-01.jpeg?resize=300%2C200&amp;ssl=1 300w, https:\/\/i0.wp.com\/cdnoticias.com\/wp-content\/uploads\/2021\/05\/20210528114334_IMG_1690-01.jpeg?resize=768%2C511&amp;ssl=1 768w, https:\/\/i0.wp.com\/cdnoticias.com\/wp-content\/uploads\/2021\/05\/20210528114334_IMG_1690-01.jpeg?resize=272%2C182&amp;ssl=1 272w, https:\/\/i0.wp.com\/cdnoticias.com\/wp-content\/uploads\/2021\/05\/20210528114334_IMG_1690-01.jpeg?w=1600&amp;ssl=1 1600w, https:\/\/i0.wp.com\/cdnoticias.com\/wp-content\/uploads\/2021\/05\/20210528114334_IMG_1690-01.jpeg?w=2400&amp;ssl=1 2400w\" sizes=\"auto, (max-width: 800px) 100vw, 800px\" \/><\/p>\n<p>&nbsp;<\/p>\n<p>En ese marco, Kicillof destac\u00f3 que <em>\u201cten\u00edamos el desaf\u00edo de proteger a un segmento de la sociedad que estaba muy expuesto ante el virus y que se encuentra en 2.355 residencias, muchas de las cuales son peque\u00f1os emprendimientos que no estaban inscriptos\u201d.<\/em><\/p>\n<p>&nbsp;<\/p>\n<blockquote><p>\u201cJunto con el PAMI nos propusimos iniciar un camino para registrarlos y poder vacunar as\u00ed a todos y todas las bonaerenses que se encuentran en los hogares de larga estad\u00eda de cada rinc\u00f3n de la provincia de Buenos Aires\u201d, agreg\u00f3.<\/p><\/blockquote>\n<p><strong><em>\u201cHaber alcanzado a todas las residencias es muy importante para que en esta segunda ola, donde hay un virus m\u00e1s contagioso y letal, tengamos la tranquilidad de haber protegido a aquellos que son m\u00e1s vulnerables\u201d<\/em><\/strong>, sostuvo el Gobernador, al tiempo que subray\u00f3 que <em>\u201cestas pol\u00edticas dejan adem\u00e1s cambios estructurales para producir mejoras en t\u00e9rminos de seguridad, higiene y sanidad dentro de los hogares de larga estad\u00eda\u201d.<\/em><\/p>\n<p>&nbsp;<\/p>\n<p><em>\u201cSe ha hecho un trabajo enorme en materia de log\u00edstica para que el equipo de trabajadores del PAMI y de la Provincia pudieran llegar a todas las residencias\u201d<\/em>, asegur\u00f3 Volnovich y a\u00f1adi\u00f3: <em>\u201cHemos protegido a todas y todos los adultos mayores de los hogares de larga estad\u00eda y eso se ve reflejado en los niveles de atenci\u00f3n sanitaria que requieren durante uno de los peores momentos de la pandemia\u201d.<\/em><\/p>\n<p>&nbsp;<\/p>\n<p><img data-recalc-dims=\"1\" loading=\"lazy\" decoding=\"async\" class=\"alignnone size-large wp-image-22638\" src=\"https:\/\/i0.wp.com\/cdnoticias.com\/wp-content\/uploads\/2021\/05\/20210528114202_IMG_0894-01.jpeg?resize=800%2C534&#038;ssl=1\" alt=\"\" width=\"800\" height=\"534\" srcset=\"https:\/\/i0.wp.com\/cdnoticias.com\/wp-content\/uploads\/2021\/05\/20210528114202_IMG_0894-01.jpeg?resize=1024%2C683&amp;ssl=1 1024w, https:\/\/i0.wp.com\/cdnoticias.com\/wp-content\/uploads\/2021\/05\/20210528114202_IMG_0894-01.jpeg?resize=300%2C200&amp;ssl=1 300w, https:\/\/i0.wp.com\/cdnoticias.com\/wp-content\/uploads\/2021\/05\/20210528114202_IMG_0894-01.jpeg?resize=768%2C512&amp;ssl=1 768w, https:\/\/i0.wp.com\/cdnoticias.com\/wp-content\/uploads\/2021\/05\/20210528114202_IMG_0894-01.jpeg?resize=272%2C182&amp;ssl=1 272w, https:\/\/i0.wp.com\/cdnoticias.com\/wp-content\/uploads\/2021\/05\/20210528114202_IMG_0894-01.jpeg?w=1600&amp;ssl=1 1600w, https:\/\/i0.wp.com\/cdnoticias.com\/wp-content\/uploads\/2021\/05\/20210528114202_IMG_0894-01.jpeg?w=2400&amp;ssl=1 2400w\" sizes=\"auto, (max-width: 800px) 100vw, 800px\" \/><\/p>\n<p>En el marco del programa Buenos Aires Vacunate,<strong> la inoculaci\u00f3n de adultos mayores se realiz\u00f3 de forma articulada con el PAMI en 2.355 hogares. De esta forma, se aplicaron alrededor de 83.600 vacunas de los dos componentes y se inmunizaron m\u00e1s de 60 mil personas.<\/strong><\/p>\n","protected":false},"excerpt":{"rendered":"<p>En un trabajo realizado con PAMI, se inmunizaron m\u00e1s de 60 mil adultos mayores de 2.355 residencias en los 135<\/p>\n","protected":false},"author":2,"featured_media":22639,"comment_status":"closed","ping_status":"closed","sticky":false,"template":"","format":"standard","meta":{"_jetpack_memberships_contains_paid_content":false,"footnotes":""},"categories":[6],"tags":[],"class_list":["post-22636","post","type-post","status-publish","format-standard","has-post-thumbnail","hentry","category-nacionales"],"jetpack_featured_media_url":"https:\/\/i0.wp.com\/cdnoticias.com\/wp-content\/uploads\/2021\/05\/20210528113622_IMG_1614-01.jpeg?fit=3243%2C2156&ssl=1","jetpack_sharing_enabled":true,"_links":{"self":[{"href":"https:\/\/cdnoticias.com\/index.php\/wp-json\/wp\/v2\/posts\/22636","targetHints":{"allow":["GET"]}}],"collection":[{"href":"https:\/\/cdnoticias.com\/index.php\/wp-json\/wp\/v2\/posts"}],"about":[{"href":"https:\/\/cdnoticias.com\/index.php\/wp-json\/wp\/v2\/types\/post"}],"author":[{"embeddable":true,"href":"https:\/\/cdnoticias.com\/index.php\/wp-json\/wp\/v2\/users\/2"}],"replies":[{"embeddable":true,"href":"https:\/\/cdnoticias.com\/index.php\/wp-json\/wp\/v2\/comments?post=22636"}],"version-history":[{"count":0,"href":"https:\/\/cdnoticias.com\/index.php\/wp-json\/wp\/v2\/posts\/22636\/revisions"}],"wp:featuredmedia":[{"embeddable":true,"href":"https:\/\/cdnoticias.com\/index.php\/wp-json\/wp\/v2\/media\/22639"}],"wp:attachment":[{"href":"https:\/\/cdnoticias.com\/index.php\/wp-json\/wp\/v2\/media?parent=22636"}],"wp:term":[{"taxonomy":"category","embeddable":true,"href":"https:\/\/cdnoticias.com\/index.php\/wp-json\/wp\/v2\/categories?post=22636"},{"taxonomy":"post_tag","embeddable":true,"href":"https:\/\/cdnoticias.com\/index.php\/wp-json\/wp\/v2\/tags?post=22636"}],"curies":[{"name":"wp","href":"https:\/\/api.w.org\/{rel}","templated":true}]}}