{"id":22624,"date":"2021-05-28T13:45:22","date_gmt":"2021-05-28T16:45:22","guid":{"rendered":"http:\/\/www.centraldenoticias.com.ar\/?p=22624"},"modified":"2021-05-28T16:11:55","modified_gmt":"2021-05-28T19:11:55","slug":"terapia-intensiva-en-el-interior-con-6335-de-ocupacion-por-covid-un-record-historico","status":"publish","type":"post","link":"https:\/\/cdnoticias.com\/index.php\/2021\/05\/28\/terapia-intensiva-en-el-interior-con-6335-de-ocupacion-por-covid-un-record-historico\/","title":{"rendered":"Terapia Intensiva en el interior con 63,35% de ocupaci\u00f3n por Covid: \u201cun r\u00e9cord hist\u00f3rico\u201d"},"content":{"rendered":"<p>Lo defini\u00f3 el ministro de Salud provincial, Daniel Gollan, quien defini\u00f3 que la tensi\u00f3n sobre el sistema sanitario sigue siendo alta.<!--more--><\/p>\n<hr \/>\n<p><strong>El ministro de Salud bonaerense, Daniel Gollan, manifest\u00f3 este viernes que \u201cla tensi\u00f3n sobre el sistema sanitario sigue siendo alta y preocupante\u201d<\/strong>, por lo que pidi\u00f3 continuar con las medidas de cuidado para lograr un descenso en los contagios de coronavirus mientras se avanza en el plan de vacunaci\u00f3n, en el s\u00e9ptimo d\u00eda del aislamiento estricto que culmina el domingo.<\/p>\n<p>&nbsp;<\/p>\n<p>Durante<a href=\"https:\/\/cdnoticias.com\/index.php\/2021\/05\/28\/olavarria-de-los-pocos-municipios-bonaerenses-en-fase-3\/\" target=\"_blank\" rel=\"noopener\"> la conferencia de prensa que encabez\u00f3 junto al jefe de Gabinete, Carlos Bianco<\/a>, en la sede de la gobernaci\u00f3n, en La Plata, el titular de la cartera sanitaria plante\u00f3 que <a href=\"https:\/\/cdnoticias.com\/index.php\/2021\/05\/27\/nuevo-record-de-casos-diarios-mas-de-41-mil-positivos-de-covid19-en-el-pais\/\" target=\"_blank\" rel=\"noopener\">\u201clos 41.000 casos de ayer, no son el reflejo del impacto de las medidas\u201d<\/a> adoptadas por el presidente hasta el 31 de mayo.<\/p>\n<p><img data-recalc-dims=\"1\" loading=\"lazy\" decoding=\"async\" class=\"alignnone size-full wp-image-22629\" src=\"https:\/\/i0.wp.com\/cdnoticias.com\/wp-content\/uploads\/2021\/05\/conferencia-provincia-epidemiologia-04.jpg?resize=800%2C444&#038;ssl=1\" alt=\"\" width=\"800\" height=\"444\" srcset=\"https:\/\/i0.wp.com\/cdnoticias.com\/wp-content\/uploads\/2021\/05\/conferencia-provincia-epidemiologia-04.jpg?w=800&amp;ssl=1 800w, https:\/\/i0.wp.com\/cdnoticias.com\/wp-content\/uploads\/2021\/05\/conferencia-provincia-epidemiologia-04.jpg?resize=300%2C167&amp;ssl=1 300w, https:\/\/i0.wp.com\/cdnoticias.com\/wp-content\/uploads\/2021\/05\/conferencia-provincia-epidemiologia-04.jpg?resize=768%2C426&amp;ssl=1 768w\" sizes=\"auto, (max-width: 800px) 100vw, 800px\" \/><\/p>\n<p>&nbsp;<\/p>\n<p><strong>\u201cHay que esperar para ver el resultado de estas disposiciones\u201d<\/strong>, indic\u00f3 Gollan y consider\u00f3 que habr\u00e1 que esperar entre una y dos semanas m\u00e1s para ver el impacto en el sistema sanitario.<\/p>\n<p>&nbsp;<\/p>\n<blockquote><p>Asimismo, puso de relieve que \u201chay una desaceleraci\u00f3n de la velocidad de crecimiento de los contagios, pero siguen creciendo tanto en el interior (de la provincia) como en el AMBA\u201d.<\/p><\/blockquote>\n<p>&nbsp;<\/p>\n<p><img data-recalc-dims=\"1\" loading=\"lazy\" decoding=\"async\" class=\"alignnone size-full wp-image-22625\" src=\"https:\/\/i0.wp.com\/cdnoticias.com\/wp-content\/uploads\/2021\/05\/conferencia-provincia-epidemiologia-05.jpg?resize=800%2C444&#038;ssl=1\" alt=\"\" width=\"800\" height=\"444\" srcset=\"https:\/\/i0.wp.com\/cdnoticias.com\/wp-content\/uploads\/2021\/05\/conferencia-provincia-epidemiologia-05.jpg?w=800&amp;ssl=1 800w, https:\/\/i0.wp.com\/cdnoticias.com\/wp-content\/uploads\/2021\/05\/conferencia-provincia-epidemiologia-05.jpg?resize=300%2C167&amp;ssl=1 300w, https:\/\/i0.wp.com\/cdnoticias.com\/wp-content\/uploads\/2021\/05\/conferencia-provincia-epidemiologia-05.jpg?resize=768%2C426&amp;ssl=1 768w\" sizes=\"auto, (max-width: 800px) 100vw, 800px\" \/><\/p>\n<p>&nbsp;<\/p>\n<p>\u201cEl <strong>ritmo de crecimiento<\/strong> que tiene la provincia de Buenos Aires es menor que el del resto del pa\u00eds y del interior provincial\u201d, sostuvo Gollan.<\/p>\n<p>&nbsp;<\/p>\n<p>Hasta el momento se han registrado en el \u00e1mbito bonaerense<strong> 1.552.271 casos y 39.121 fallecidos<\/strong>.<\/p>\n<p>&nbsp;<\/p>\n<p><img data-recalc-dims=\"1\" loading=\"lazy\" decoding=\"async\" class=\"alignnone size-full wp-image-22626\" src=\"https:\/\/i0.wp.com\/cdnoticias.com\/wp-content\/uploads\/2021\/05\/conferencia-provincia-epidemiologia-06.jpg?resize=800%2C444&#038;ssl=1\" alt=\"\" width=\"800\" height=\"444\" srcset=\"https:\/\/i0.wp.com\/cdnoticias.com\/wp-content\/uploads\/2021\/05\/conferencia-provincia-epidemiologia-06.jpg?w=800&amp;ssl=1 800w, https:\/\/i0.wp.com\/cdnoticias.com\/wp-content\/uploads\/2021\/05\/conferencia-provincia-epidemiologia-06.jpg?resize=300%2C167&amp;ssl=1 300w, https:\/\/i0.wp.com\/cdnoticias.com\/wp-content\/uploads\/2021\/05\/conferencia-provincia-epidemiologia-06.jpg?resize=768%2C426&amp;ssl=1 768w\" sizes=\"auto, (max-width: 800px) 100vw, 800px\" \/><\/p>\n<p>&nbsp;<\/p>\n<p>La tasa de incidencia es 8.849 casos cada 100.000 habitantes y en los \u00faltimos 15 d\u00edas es de 761. En el detalle de la llamada <strong>regi\u00f3n \u201cinterior\u201d la incidencia es de 8.795 casos y en las \u00faltimas dos semanas asciende a 998 casos<\/strong>.<\/p>\n<p>&nbsp;<\/p>\n<p>\u201cEl AMBA y el interior pr\u00e1cticamente se vuelven a juntar, la incidencia de los \u00faltimos 15 d\u00edas es muy superior en el interior provincial\u201d indic\u00f3 Daniel Goll\u00e1n.<\/p>\n<p>&nbsp;<\/p>\n<p><img data-recalc-dims=\"1\" loading=\"lazy\" decoding=\"async\" class=\"alignnone size-full wp-image-22627\" src=\"https:\/\/i0.wp.com\/cdnoticias.com\/wp-content\/uploads\/2021\/05\/conferencia-provincia-epidemiologia-07.jpg?resize=800%2C444&#038;ssl=1\" alt=\"\" width=\"800\" height=\"444\" srcset=\"https:\/\/i0.wp.com\/cdnoticias.com\/wp-content\/uploads\/2021\/05\/conferencia-provincia-epidemiologia-07.jpg?w=800&amp;ssl=1 800w, https:\/\/i0.wp.com\/cdnoticias.com\/wp-content\/uploads\/2021\/05\/conferencia-provincia-epidemiologia-07.jpg?resize=300%2C167&amp;ssl=1 300w, https:\/\/i0.wp.com\/cdnoticias.com\/wp-content\/uploads\/2021\/05\/conferencia-provincia-epidemiologia-07.jpg?resize=768%2C426&amp;ssl=1 768w\" sizes=\"auto, (max-width: 800px) 100vw, 800px\" \/><\/p>\n<p>&nbsp;<\/p>\n<blockquote><p>El ministro expuso que el indicador de camas de camas de terapia intensiva \u201csigue siendo preocupante\u201d, debido a que se registra un 74,96% de ocupaci\u00f3n en el AMBA y un 63,35% en el interior, lo que constituye \u201cun r\u00e9cord hist\u00f3rico\u201d y genera la necesidad de derivaci\u00f3n constante de pacientes entre ciudades.<\/p><\/blockquote>\n<p>&nbsp;<\/p>\n<p>\u201cRecuerden que este 63% es un promedio que no expresa lo que pasa en gran cantidad de regiones de la provincia donde<strong> la situaci\u00f3n se pone muy tensa y se llega al 100% en cuesti\u00f3n de horas<\/strong> y hay que trabajar muy intensamente con el sistema de derivaciones\u201d, explic\u00f3 Gollan.<\/p>\n<p>&nbsp;<\/p>\n<p><strong>Vacunaci\u00f3n<\/strong><\/p>\n<p>&nbsp;<\/p>\n<p>Por \u00faltimo se refiri\u00f3 a la campa\u00f1a de vacunaci\u00f3n donde destac\u00f3 que \u201c<strong>llegamos a casi 4,5 millones de aplicaciones<\/strong>, se superaron los 3,5 millones de vacunados con el primer componente y se avanza con el segundo componente\u201d.<\/p>\n<p>&nbsp;<\/p>\n<p><img data-recalc-dims=\"1\" loading=\"lazy\" decoding=\"async\" class=\"alignnone size-full wp-image-22628\" src=\"https:\/\/i0.wp.com\/cdnoticias.com\/wp-content\/uploads\/2021\/05\/conferencia-provincia-epidemiologia-08.jpg?resize=800%2C444&#038;ssl=1\" alt=\"\" width=\"800\" height=\"444\" srcset=\"https:\/\/i0.wp.com\/cdnoticias.com\/wp-content\/uploads\/2021\/05\/conferencia-provincia-epidemiologia-08.jpg?w=800&amp;ssl=1 800w, https:\/\/i0.wp.com\/cdnoticias.com\/wp-content\/uploads\/2021\/05\/conferencia-provincia-epidemiologia-08.jpg?resize=300%2C167&amp;ssl=1 300w, https:\/\/i0.wp.com\/cdnoticias.com\/wp-content\/uploads\/2021\/05\/conferencia-provincia-epidemiologia-08.jpg?resize=768%2C426&amp;ssl=1 768w\" sizes=\"auto, (max-width: 800px) 100vw, 800px\" \/><\/p>\n<p>&nbsp;<\/p>\n<p>Asimismo, y en el marco de la<a href=\"https:\/\/cdnoticias.com\/index.php\/2021\/05\/27\/el-municipio-pide-que-se-inscriban-para-ser-vacunados-contra-el-coronavirus\/\" target=\"_blank\" rel=\"noopener\"> b\u00fasqueda de aumentar los anotados para inmunizarse<\/a>, el funcionario de Salud destac\u00f3 que <strong>\u201chemos sobrepasados los 7,3 millones de anotados\u201d<\/strong>.<\/p>\n<p>&nbsp;<\/p>\n<p>Tras hacer hincapi\u00e9 en que<strong> \u201cnecesitamos que se anoten m\u00e1s\u201d<\/strong> se\u00f1al\u00f3 que se espera a\u00fan el registro de unos 4 millones de bonaerenses.<\/p>\n<p>&nbsp;<\/p>\n<blockquote><p>Por \u00faltimo, pidi\u00f3 especialmente a las embarazadas que se anoten para vacunarse ya que \u201caumentan los riesgos de producir formas graves de la enfermedad con las nuevas variantes\u201d inform\u00f3 Goll\u00e1n.<\/p><\/blockquote>\n","protected":false},"excerpt":{"rendered":"<p>Lo defini\u00f3 el ministro de Salud provincial, Daniel Gollan, quien defini\u00f3 que la tensi\u00f3n sobre el sistema sanitario sigue siendo<\/p>\n","protected":false},"author":4,"featured_media":22619,"comment_status":"closed","ping_status":"closed","sticky":false,"template":"","format":"standard","meta":{"_jetpack_memberships_contains_paid_content":false,"footnotes":""},"categories":[16,1],"tags":[],"class_list":["post-22624","post","type-post","status-publish","format-standard","has-post-thumbnail","hentry","category-covid-19","category-portada"],"jetpack_featured_media_url":"https:\/\/i0.wp.com\/cdnoticias.com\/wp-content\/uploads\/2021\/05\/conferencia-provincia-epidemiologia-03.jpg?fit=800%2C445&ssl=1","jetpack_sharing_enabled":true,"_links":{"self":[{"href":"https:\/\/cdnoticias.com\/index.php\/wp-json\/wp\/v2\/posts\/22624","targetHints":{"allow":["GET"]}}],"collection":[{"href":"https:\/\/cdnoticias.com\/index.php\/wp-json\/wp\/v2\/posts"}],"about":[{"href":"https:\/\/cdnoticias.com\/index.php\/wp-json\/wp\/v2\/types\/post"}],"author":[{"embeddable":true,"href":"https:\/\/cdnoticias.com\/index.php\/wp-json\/wp\/v2\/users\/4"}],"replies":[{"embeddable":true,"href":"https:\/\/cdnoticias.com\/index.php\/wp-json\/wp\/v2\/comments?post=22624"}],"version-history":[{"count":0,"href":"https:\/\/cdnoticias.com\/index.php\/wp-json\/wp\/v2\/posts\/22624\/revisions"}],"wp:featuredmedia":[{"embeddable":true,"href":"https:\/\/cdnoticias.com\/index.php\/wp-json\/wp\/v2\/media\/22619"}],"wp:attachment":[{"href":"https:\/\/cdnoticias.com\/index.php\/wp-json\/wp\/v2\/media?parent=22624"}],"wp:term":[{"taxonomy":"category","embeddable":true,"href":"https:\/\/cdnoticias.com\/index.php\/wp-json\/wp\/v2\/categories?post=22624"},{"taxonomy":"post_tag","embeddable":true,"href":"https:\/\/cdnoticias.com\/index.php\/wp-json\/wp\/v2\/tags?post=22624"}],"curies":[{"name":"wp","href":"https:\/\/api.w.org\/{rel}","templated":true}]}}