{"id":2262,"date":"2021-07-17T16:16:20","date_gmt":"2021-07-17T19:16:20","guid":{"rendered":"http:\/\/centraldeportes.com.ar\/?p=2262"},"modified":"2025-01-27T21:50:13","modified_gmt":"2025-01-28T00:50:13","slug":"se-realizaron-los-cierres-de-actividad-por-vacaciones-de-invierno","status":"publish","type":"post","link":"https:\/\/cdnoticias.com\/index.php\/2021\/07\/17\/se-realizaron-los-cierres-de-actividad-por-vacaciones-de-invierno\/","title":{"rendered":"Se realizaron los cierres de actividad por vacaciones de invierno"},"content":{"rendered":"<p>Con motivo del pr\u00f3ximo inicio del receso invernal, en Villa Floresta y Mariano Moreno se realizaron los cierres de la actividad de gimnasia para ni\u00f1as.<\/p>\n<p><!--more--><\/p>\n<hr \/>\n<p>Con la profesora Ver\u00f3nica Attad\u00eda, las ni\u00f1as de 6 y 12 a\u00f1os que asisten a las clases en el Club Villa Floresta prepararon una coreograf\u00eda de cierre. Las clases de los lunes y mi\u00e9rcoles a las 14:30 horas, las retomar\u00e1n luego de las\u00a0 vacaciones.<\/p>\n<p>&nbsp;<\/p>\n<p><a href=\"https:\/\/i0.wp.com\/centraldeportes.com.ar\/wp-content\/uploads\/2021\/07\/Deportes-Cierre-gimnasia-ninas-3.jpeg\"><img data-recalc-dims=\"1\" loading=\"lazy\" decoding=\"async\" class=\"aligncenter size-large wp-image-2264\" src=\"https:\/\/i0.wp.com\/centraldeportes.com.ar\/wp-content\/uploads\/2021\/07\/Deportes-Cierre-gimnasia-ninas-3-1024x768.jpeg?resize=800%2C600\" alt=\"\" width=\"800\" height=\"600\" \/><\/a><\/p>\n<p>&nbsp;<\/p>\n<p>Tambi\u00e9n se realiz\u00f3 el cierre de las clases en Mariano Moreno, a cargo de la profesora Carolina Bustos. En este caso seguir\u00e1n las clases sistem\u00e1ticas los lunes y mi\u00e9rcoles de 17:30 a 18:30 horas.<\/p>\n<p>&nbsp;<\/p>\n<p>Las clases de gimnasia para ni\u00f1as que propone la Subsecretar\u00eda de Deportes y Recreaci\u00f3n del Municipio, tambi\u00e9n se desarrollan en Colonia San Miguel \u2013a cargo de la profesora Sol Elsegood\u2013 los martes y jueves de 15 a 16 horas.<\/p>\n","protected":false},"excerpt":{"rendered":"<p>Con motivo del pr\u00f3ximo inicio del receso invernal, en Villa Floresta y Mariano Moreno se realizaron los cierres de la<\/p>\n","protected":false},"author":96739694,"featured_media":142778,"comment_status":"closed","ping_status":"closed","sticky":false,"template":"","format":"standard","meta":{"_jetpack_memberships_contains_paid_content":false,"footnotes":""},"categories":[30,1],"tags":[],"class_list":["post-2262","post","type-post","status-publish","format-standard","has-post-thumbnail","hentry","category-polideportivo","category-portada"],"jetpack_featured_media_url":"https:\/\/i0.wp.com\/cdnoticias.com\/wp-content\/uploads\/2021\/07\/Deportes-Cierre-gimnasia-ninas-2.jpeg?fit=1160%2C868&ssl=1","jetpack_sharing_enabled":true,"_links":{"self":[{"href":"https:\/\/cdnoticias.com\/index.php\/wp-json\/wp\/v2\/posts\/2262","targetHints":{"allow":["GET"]}}],"collection":[{"href":"https:\/\/cdnoticias.com\/index.php\/wp-json\/wp\/v2\/posts"}],"about":[{"href":"https:\/\/cdnoticias.com\/index.php\/wp-json\/wp\/v2\/types\/post"}],"author":[{"embeddable":true,"href":"https:\/\/cdnoticias.com\/index.php\/wp-json\/wp\/v2\/users\/96739694"}],"replies":[{"embeddable":true,"href":"https:\/\/cdnoticias.com\/index.php\/wp-json\/wp\/v2\/comments?post=2262"}],"version-history":[{"count":0,"href":"https:\/\/cdnoticias.com\/index.php\/wp-json\/wp\/v2\/posts\/2262\/revisions"}],"wp:featuredmedia":[{"embeddable":true,"href":"https:\/\/cdnoticias.com\/index.php\/wp-json\/wp\/v2\/media\/142778"}],"wp:attachment":[{"href":"https:\/\/cdnoticias.com\/index.php\/wp-json\/wp\/v2\/media?parent=2262"}],"wp:term":[{"taxonomy":"category","embeddable":true,"href":"https:\/\/cdnoticias.com\/index.php\/wp-json\/wp\/v2\/categories?post=2262"},{"taxonomy":"post_tag","embeddable":true,"href":"https:\/\/cdnoticias.com\/index.php\/wp-json\/wp\/v2\/tags?post=2262"}],"curies":[{"name":"wp","href":"https:\/\/api.w.org\/{rel}","templated":true}]}}