{"id":22615,"date":"2021-05-28T13:02:26","date_gmt":"2021-05-28T16:02:26","guid":{"rendered":"http:\/\/www.centraldenoticias.com.ar\/?p=22615"},"modified":"2021-05-28T13:45:55","modified_gmt":"2021-05-28T16:45:55","slug":"robo-en-un-comercio-y-lo-retuvieron-a-pocas-cuadras","status":"publish","type":"post","link":"https:\/\/cdnoticias.com\/index.php\/2021\/05\/28\/robo-en-un-comercio-y-lo-retuvieron-a-pocas-cuadras\/","title":{"rendered":"Rob\u00f3 en un comercio y lo retuvieron a pocas cuadras"},"content":{"rendered":"<p>Un hombre de 37 a\u00f1os fue aprehendido. Hab\u00eda robado art\u00edculos del interior de un local que fueron recuperados poco despu\u00e9s.<!--more--><\/p>\n<hr \/>\n<p><strong>Un hombre fue aprehendido acusado del robo a un comercio c\u00e9ntrico<\/strong>: en su poder se hallaron los art\u00edculos robados.<\/p>\n<p>&nbsp;<\/p>\n<p>Seg\u00fan se detall\u00f3, tras un llamado al 911 los efectivos de la comisar\u00eda Primera aprehendieron a un un hombre <strong>en Alsina y Belgrano<\/strong>.<\/p>\n<p>&nbsp;<\/p>\n<p>Fue acusado de haber <strong>sustra\u00eddo art\u00edculos de un comercio de Alsina y Necochea<\/strong>, los cuales llevaba al momento en que fue interceptado por los polic\u00edas.<\/p>\n<p>&nbsp;<\/p>\n<p>Qued\u00f3 alojado en la comisar\u00eda Primera donde se iniciaron actuaciones por <strong>\u201churto in fraganti delito en grado de tentativa\u201d<\/strong> a cargo de la UFI N\u00ba 7 que encabeza el fiscal Christian Url\u00e9zaga.<\/p>\n","protected":false},"excerpt":{"rendered":"<p>Un hombre de 37 a\u00f1os fue aprehendido. Hab\u00eda robado art\u00edculos del interior de un local que fueron recuperados poco despu\u00e9s.<\/p>\n","protected":false},"author":4,"featured_media":22616,"comment_status":"closed","ping_status":"closed","sticky":false,"template":"","format":"standard","meta":{"_jetpack_memberships_contains_paid_content":false,"footnotes":""},"categories":[14,1],"tags":[],"class_list":["post-22615","post","type-post","status-publish","format-standard","has-post-thumbnail","hentry","category-policiales","category-portada"],"jetpack_featured_media_url":"https:\/\/i0.wp.com\/cdnoticias.com\/wp-content\/uploads\/2021\/05\/robo-alsina-y-necochea00.jpg?fit=800%2C445&ssl=1","jetpack_sharing_enabled":true,"_links":{"self":[{"href":"https:\/\/cdnoticias.com\/index.php\/wp-json\/wp\/v2\/posts\/22615","targetHints":{"allow":["GET"]}}],"collection":[{"href":"https:\/\/cdnoticias.com\/index.php\/wp-json\/wp\/v2\/posts"}],"about":[{"href":"https:\/\/cdnoticias.com\/index.php\/wp-json\/wp\/v2\/types\/post"}],"author":[{"embeddable":true,"href":"https:\/\/cdnoticias.com\/index.php\/wp-json\/wp\/v2\/users\/4"}],"replies":[{"embeddable":true,"href":"https:\/\/cdnoticias.com\/index.php\/wp-json\/wp\/v2\/comments?post=22615"}],"version-history":[{"count":0,"href":"https:\/\/cdnoticias.com\/index.php\/wp-json\/wp\/v2\/posts\/22615\/revisions"}],"wp:featuredmedia":[{"embeddable":true,"href":"https:\/\/cdnoticias.com\/index.php\/wp-json\/wp\/v2\/media\/22616"}],"wp:attachment":[{"href":"https:\/\/cdnoticias.com\/index.php\/wp-json\/wp\/v2\/media?parent=22615"}],"wp:term":[{"taxonomy":"category","embeddable":true,"href":"https:\/\/cdnoticias.com\/index.php\/wp-json\/wp\/v2\/categories?post=22615"},{"taxonomy":"post_tag","embeddable":true,"href":"https:\/\/cdnoticias.com\/index.php\/wp-json\/wp\/v2\/tags?post=22615"}],"curies":[{"name":"wp","href":"https:\/\/api.w.org\/{rel}","templated":true}]}}