{"id":22609,"date":"2021-05-28T12:24:25","date_gmt":"2021-05-28T15:24:25","guid":{"rendered":"http:\/\/www.centraldenoticias.com.ar\/?p=22609"},"modified":"2021-05-28T13:02:53","modified_gmt":"2021-05-28T16:02:53","slug":"no-automedicarse-ante-sintomatologia-compatible-con-covid19","status":"publish","type":"post","link":"https:\/\/cdnoticias.com\/index.php\/2021\/05\/28\/no-automedicarse-ante-sintomatologia-compatible-con-covid19\/","title":{"rendered":"\u201cNo automedicarse ante sintomatolog\u00eda compatible con Covid19\u201d"},"content":{"rendered":"<p>La Secretar\u00eda de Salud municipal insisti\u00f3 en subrayar las desventajas de esta pr\u00e1ctica. \u201cLa ivermectina y el corticoides no son efectivos\u201d se destac\u00f3 al tiempo que se apunt\u00f3 que incluso \u201cpueden generar efectos adversos\u201d.<!--more--><\/p>\n<hr \/>\n<p><strong>Desde la Secretar\u00eda de Salud municipal se reiter\u00f3 el mensaje con la recomendaci\u00f3n de \u201cno automedicarse ante sintomatolog\u00eda compatible con Covid19\u201d<\/strong>.<\/p>\n<p>&nbsp;<\/p>\n<p>Se destac\u00f3 que <strong>\u201ces sabido que no se recomienda la automedicaci\u00f3n ante la presencia de cualquier tipo de dolencias\u201d<\/strong>. Pero, m\u00e1s a\u00fan hoy en d\u00eda en medio de la pandemia por Covid-19, la Secretar\u00eda de Salud insisti\u00f3 a la poblaci\u00f3n las desventajas de esta pr\u00e1ctica.<\/p>\n<p>&nbsp;<\/p>\n<blockquote><p>Es por ello que, profesionales de la cartera sanitaria subrayaron que, \u201cparticularmente la ivermectina y el corticoides no son efectivos al momento de aliviar s\u00edntomas compatibles con Covid19 y que \u2013inclusive\u2013 pueden generar efectos adversos que afecten a la salud\u201d.<\/p><\/blockquote>\n<p>&nbsp;<\/p>\n<p>De esta manera, se indic\u00f3 que <strong>ante la presencia de sintomatolog\u00eda<\/strong> como tos, fiebre mayor a 37\u00ba, diarrea por m\u00e1s de 48 horas, falta de aire, falta de olfato y\/o gusto,<em> dirigirse al Centro de Hisopados o comunicarse a los tel\u00e9fonos 419910 (fijo) o 2284229029 (WhatsApp)<\/em>.<\/p>\n","protected":false},"excerpt":{"rendered":"<p>La Secretar\u00eda de Salud municipal insisti\u00f3 en subrayar las desventajas de esta pr\u00e1ctica. \u201cLa ivermectina y el corticoides no son<\/p>\n","protected":false},"author":4,"featured_media":22610,"comment_status":"closed","ping_status":"closed","sticky":false,"template":"","format":"standard","meta":{"_jetpack_memberships_contains_paid_content":false,"footnotes":""},"categories":[16,1],"tags":[],"class_list":["post-22609","post","type-post","status-publish","format-standard","has-post-thumbnail","hentry","category-covid-19","category-portada"],"jetpack_featured_media_url":"https:\/\/i0.wp.com\/cdnoticias.com\/wp-content\/uploads\/2021\/05\/Salud-German-Caputo00.jpg?fit=800%2C445&ssl=1","jetpack_sharing_enabled":true,"_links":{"self":[{"href":"https:\/\/cdnoticias.com\/index.php\/wp-json\/wp\/v2\/posts\/22609","targetHints":{"allow":["GET"]}}],"collection":[{"href":"https:\/\/cdnoticias.com\/index.php\/wp-json\/wp\/v2\/posts"}],"about":[{"href":"https:\/\/cdnoticias.com\/index.php\/wp-json\/wp\/v2\/types\/post"}],"author":[{"embeddable":true,"href":"https:\/\/cdnoticias.com\/index.php\/wp-json\/wp\/v2\/users\/4"}],"replies":[{"embeddable":true,"href":"https:\/\/cdnoticias.com\/index.php\/wp-json\/wp\/v2\/comments?post=22609"}],"version-history":[{"count":0,"href":"https:\/\/cdnoticias.com\/index.php\/wp-json\/wp\/v2\/posts\/22609\/revisions"}],"wp:featuredmedia":[{"embeddable":true,"href":"https:\/\/cdnoticias.com\/index.php\/wp-json\/wp\/v2\/media\/22610"}],"wp:attachment":[{"href":"https:\/\/cdnoticias.com\/index.php\/wp-json\/wp\/v2\/media?parent=22609"}],"wp:term":[{"taxonomy":"category","embeddable":true,"href":"https:\/\/cdnoticias.com\/index.php\/wp-json\/wp\/v2\/categories?post=22609"},{"taxonomy":"post_tag","embeddable":true,"href":"https:\/\/cdnoticias.com\/index.php\/wp-json\/wp\/v2\/tags?post=22609"}],"curies":[{"name":"wp","href":"https:\/\/api.w.org\/{rel}","templated":true}]}}