{"id":2260,"date":"2020-09-23T12:44:03","date_gmt":"2020-09-23T15:44:03","guid":{"rendered":"http:\/\/www.centraldenoticias.com.ar\/?p=2260"},"modified":"2020-09-23T14:48:26","modified_gmt":"2020-09-23T17:48:26","slug":"estan-abiertos-los-telefonos-no-hace-falta-comunicarnos-por-los-diarios","status":"publish","type":"post","link":"https:\/\/cdnoticias.com\/index.php\/2020\/09\/23\/estan-abiertos-los-telefonos-no-hace-falta-comunicarnos-por-los-diarios\/","title":{"rendered":"\u201cEst\u00e1n abiertos los tel\u00e9fonos, no hace falta comunicarnos por los diarios\u201d"},"content":{"rendered":"<p>Fue un mensaje del gobernador para los intendentes a quienes pidi\u00f3 trabajar \u201cen un a\u00f1o de pandemia y no en un a\u00f1o electoral\u201d. Hubo dardos para Lunghi, aunque no lo nombr\u00f3.<!--more--><\/p>\n<hr \/>\n<p><strong>\u201cEst\u00e1n abiertos los tel\u00e9fonos, no hace falta comunicarnos por los diarios\u201d<\/strong> dijo el gobernador Axel Kicillof en una conferencia que mantuvo este lunes con intendentes. Pidi\u00f3 a los jefes comunales <strong>\u201csigamos trabajando en un a\u00f1o de pandemia y no en un a\u00f1o electoral\u201d<\/strong> para apuntar luego contra Miguel Lunghi, sin nombrarlo ni referir expl\u00edcitamente al distrito de Tandil.<\/p>\n<p>Fue en el marco de una reuni\u00f3n virtual con m\u00e1s de 40 intendentes en la que se confirmaron las obras a realizarse por medio del <strong>Fondo de Infraestructura Municipal<\/strong>. Suma 2.000 millones de pesos y las obras que se firmaron con estos distritos alcanzan a 736 millones.<\/p>\n<p>El mandatario dio cuenta de los cruces que se generaron con el <strong>dirigente radical del municipio vecino y su decisi\u00f3n de \u201csalir del sistema de fases bonaerense\u201d<\/strong>, una medida que claramente molest\u00f3 a la administraci\u00f3n provincial tal como <a href=\"https:\/\/cdnoticias.com\/index.php\/2020\/09\/07\/carlos-bianco-es-la-republica-separatista-de-tandil\/\">tambi\u00e9n hab\u00eda mostrado el jefe de Gabinete<\/a>.<\/p>\n<p>\u201cA pesar de todas las dificultades que hemos tenido, es un a\u00f1o inolvidable por lo inesperado, por lo dram\u00e1tico, por la irrupci\u00f3n del virus en el mundo. <strong>Insisto en el agradecimiento por el trabajo coordinado con los 135 intendentas e intendentes<\/strong>\u201d expres\u00f3 Kicillof.<\/p>\n<p><img data-recalc-dims=\"1\" loading=\"lazy\" decoding=\"async\" class=\"aligncenter wp-image-2261\" src=\"https:\/\/i0.wp.com\/cdnoticias.com\/wp-content\/uploads\/2020\/09\/kici-1.jpg?resize=500%2C282&#038;ssl=1\" alt=\"\" width=\"500\" height=\"282\" srcset=\"https:\/\/i0.wp.com\/cdnoticias.com\/wp-content\/uploads\/2020\/09\/kici-1.jpg?resize=300%2C169&amp;ssl=1 300w, https:\/\/i0.wp.com\/cdnoticias.com\/wp-content\/uploads\/2020\/09\/kici-1.jpg?resize=768%2C434&amp;ssl=1 768w, https:\/\/i0.wp.com\/cdnoticias.com\/wp-content\/uploads\/2020\/09\/kici-1.jpg?resize=1024%2C578&amp;ssl=1 1024w, https:\/\/i0.wp.com\/cdnoticias.com\/wp-content\/uploads\/2020\/09\/kici-1.jpg?w=1360&amp;ssl=1 1360w\" sizes=\"auto, (max-width: 500px) 100vw, 500px\" \/><\/p>\n<p>Destac\u00f3 que \u201cla provincia Buenos Aires no tuvo saturaci\u00f3n de su sistema de salud. No fue un milagro, ni una casualidad, ni un \u00e9xito de este gobierno provincial. Fue un trabajo mancomunado entre Naci\u00f3n, Provincia y municipios\u201d. Tras lo cual consider\u00f3 que <strong>\u201cno es momento ni para vivos ni para p\u00edcaros, ni yo lo pienso hacer de esa manera\u201d<\/strong>.<\/p>\n<blockquote><p>En ese marco aludi\u00f3 el\u00edpticamente a Tandil: \u201csi alguien act\u00faa tratando de sacar ventaja nos obliga a tratar de dar respuesta, pero yo no la quiero dar. Pas\u00f3 con alg\u00fan municipio que quer\u00eda hacer alguna cosa. Lo pasado, pisado. Sigamos buscando coordinar. Es una provincia muy grande, muy complicada y muy diversa\u201d.<\/p><\/blockquote>\n<p>En el cierre de su discurso, el Gobernador sostuvo \u201cles agradezco a oficialistas y opositores de los tres grupos de intendentes todo lo que hemos podido hacer que sali\u00f3 bien, porque <strong>no le generamos incertidumbre a la sociedad a trav\u00e9s de una discusi\u00f3n medi\u00e1tica que no tiene sentido<\/strong>\u201d.<\/p>\n<p>Junto a Kicillof estuvieron los ministros Carlos Bianco, jefe de Gabinete, y Agust\u00edn Simone, de Obras P\u00fablicas. Este \u00faltimo destac\u00f3 que entre los convenios firmados \u201cla caracter\u00edstica principal es que hay muchas obras de salud\u201d y estim\u00f3 que para fin de a\u00f1o y los primeros meses 2021 estar\u00e1n terminadas.<\/p>\n<p>Algunos intendentes presentaron las obras que se har\u00e1n en sus distritos y agradecieron al Gobernador. Hablaron Guillermo Britos de Chivilcoy, Celia Gianini de Carlos Tejedor, Esteban Reino de Balcarce y Mayra Mendoza de Quilmes.<\/p>\n","protected":false},"excerpt":{"rendered":"<p>Fue un mensaje del gobernador para los intendentes a quienes pidi\u00f3 trabajar \u201cen un a\u00f1o de pandemia y no en<\/p>\n","protected":false},"author":4,"featured_media":2265,"comment_status":"closed","ping_status":"closed","sticky":false,"template":"","format":"standard","meta":{"_jetpack_memberships_contains_paid_content":false,"footnotes":""},"categories":[6,1],"tags":[],"class_list":["post-2260","post","type-post","status-publish","format-standard","has-post-thumbnail","hentry","category-nacionales","category-portada"],"jetpack_featured_media_url":"https:\/\/i0.wp.com\/cdnoticias.com\/wp-content\/uploads\/2020\/09\/kici-tapa-1.jpg?fit=754%2C438&ssl=1","jetpack_sharing_enabled":true,"_links":{"self":[{"href":"https:\/\/cdnoticias.com\/index.php\/wp-json\/wp\/v2\/posts\/2260","targetHints":{"allow":["GET"]}}],"collection":[{"href":"https:\/\/cdnoticias.com\/index.php\/wp-json\/wp\/v2\/posts"}],"about":[{"href":"https:\/\/cdnoticias.com\/index.php\/wp-json\/wp\/v2\/types\/post"}],"author":[{"embeddable":true,"href":"https:\/\/cdnoticias.com\/index.php\/wp-json\/wp\/v2\/users\/4"}],"replies":[{"embeddable":true,"href":"https:\/\/cdnoticias.com\/index.php\/wp-json\/wp\/v2\/comments?post=2260"}],"version-history":[{"count":0,"href":"https:\/\/cdnoticias.com\/index.php\/wp-json\/wp\/v2\/posts\/2260\/revisions"}],"wp:featuredmedia":[{"embeddable":true,"href":"https:\/\/cdnoticias.com\/index.php\/wp-json\/wp\/v2\/media\/2265"}],"wp:attachment":[{"href":"https:\/\/cdnoticias.com\/index.php\/wp-json\/wp\/v2\/media?parent=2260"}],"wp:term":[{"taxonomy":"category","embeddable":true,"href":"https:\/\/cdnoticias.com\/index.php\/wp-json\/wp\/v2\/categories?post=2260"},{"taxonomy":"post_tag","embeddable":true,"href":"https:\/\/cdnoticias.com\/index.php\/wp-json\/wp\/v2\/tags?post=2260"}],"curies":[{"name":"wp","href":"https:\/\/api.w.org\/{rel}","templated":true}]}}