{"id":22572,"date":"2021-05-27T21:00:03","date_gmt":"2021-05-28T00:00:03","guid":{"rendered":"http:\/\/www.centraldenoticias.com.ar\/?p=22572"},"modified":"2021-05-28T08:59:27","modified_gmt":"2021-05-28T11:59:27","slug":"este-viernes-llegaran-a-olavarria-2700-segundas-dosis-de-sputnik-v","status":"publish","type":"post","link":"https:\/\/cdnoticias.com\/index.php\/2021\/05\/27\/este-viernes-llegaran-a-olavarria-2700-segundas-dosis-de-sputnik-v\/","title":{"rendered":"Este viernes llegar\u00e1n a Olavarr\u00eda 2700 segundas dosis de Sputnik V"},"content":{"rendered":"<p>La novedad fue comunidad por Regi\u00f3n Sanitaria IX, desde donde se detall\u00f3 que ser\u00e1n repartidas en tres de los centros de vacunaci\u00f3n locales.<!--more--><\/p>\n<hr \/>\n<p>Desde Regi\u00f3n Sanitaria IX se inform\u00f3 en la noche del jueves que en las pr\u00f3ximas horas estar\u00e1n llegando a Olavarr\u00eda 2700 segundas dosis de Sputnik V, que <strong>permitir\u00e1n completar el proceso de vacunaci\u00f3n contra el Coronavirus a un importante n\u00famero de olavarrienses.<\/strong><\/p>\n<p>&nbsp;<\/p>\n<p>Se narr\u00f3 que el arrib\u00f3 est\u00e1 pautado para este viernes y las dosis <strong>ser\u00e1n repartidas en partes iguales entre la Facultad de Ciencias de la Salud, el Hospital Provincial de Oncolog\u00eda y el Servicio Territorial Municipal 2.<\/strong><\/p>\n<p>&nbsp;<\/p>\n<blockquote class=\"twitter-tweet\" data-width=\"550\" data-dnt=\"true\">\n<p lang=\"es\" dir=\"ltr\">\ud83d\udce2\ud83d\udce2 ATENCI\u00d3N \ud83d\udce2\ud83d\udce2\ud83d\udce2<\/p>\n<p>Se acaban de enviar 82.334 nuevos turnos para SEGUNDAS DOSIS de la vacunaci\u00f3n. <\/p>\n<p>A revisar el mail, la Web o la APP!! <a href=\"https:\/\/t.co\/gy0OjxTEoD\">pic.twitter.com\/gy0OjxTEoD<\/a><\/p>\n<p>&mdash; Daniel Gollan (@DrDanielGollan) <a href=\"https:\/\/twitter.com\/DrDanielGollan\/status\/1397721645880688643?ref_src=twsrc%5Etfw\">May 27, 2021<\/a><\/p><\/blockquote>\n<p><script async src=\"https:\/\/platform.twitter.com\/widgets.js\" charset=\"utf-8\"><\/script><\/p>\n<p>&nbsp;<\/p>\n<p>En las \u00faltimas horas el ministro de Salud de la Provincia de Buenos Aires, Daniel Goll\u00e1n, utiliz\u00f3 sus redes sociales para informar a los bonaerenses que hab\u00edan sido m\u00e1s<strong> de 80 mil los turnos enviados para la aplicaci\u00f3n de segundos componentes<\/strong>, por lo que se aconseja a la poblaci\u00f3n que revise sus casillas de correo electr\u00f3nico o aplicaciones para corroborar si no les fue asignado un nuevo turno.<\/p>\n<p>&nbsp;<\/p>\n<p>En ese sentido, vale recordar que <strong>la vacunaci\u00f3n es \u00fanicamente por turnos, tanto para primeras como segundas dosis,\u00a0 por lo que se le pide a la comunidad que est\u00e9n atentos a los mensajes con la notificaci\u00f3n del d\u00eda y horario para aplicarse la dosis correspondiente<\/strong>. Todos los interesados en acceder al plan provincial de vacunaci\u00f3n contra el coronavirus, que es p\u00fablico, gratuito y optativo, pueden sacar turno de manera virtual entrando en la p\u00e1gina del Programa Provincial Vacunate o de forma presencial en ANSES, IOMA, PAMI, Ministerio de trabajo, Centro de Documentaci\u00f3n R\u00e1pida, entre otros.<\/p>\n","protected":false},"excerpt":{"rendered":"<p>La novedad fue comunidad por Regi\u00f3n Sanitaria IX, desde donde se detall\u00f3 que ser\u00e1n repartidas en tres de los centros<\/p>\n","protected":false},"author":3,"featured_media":11831,"comment_status":"closed","ping_status":"closed","sticky":false,"template":"","format":"standard","meta":{"_jetpack_memberships_contains_paid_content":false,"footnotes":""},"categories":[16,1],"tags":[],"class_list":["post-22572","post","type-post","status-publish","format-standard","has-post-thumbnail","hentry","category-covid-19","category-portada"],"jetpack_featured_media_url":"https:\/\/i0.wp.com\/cdnoticias.com\/wp-content\/uploads\/2021\/01\/WhatsApp-Image-2021-01-20-at-08.43.40-1.jpeg?fit=1232%2C816&ssl=1","jetpack_sharing_enabled":true,"_links":{"self":[{"href":"https:\/\/cdnoticias.com\/index.php\/wp-json\/wp\/v2\/posts\/22572","targetHints":{"allow":["GET"]}}],"collection":[{"href":"https:\/\/cdnoticias.com\/index.php\/wp-json\/wp\/v2\/posts"}],"about":[{"href":"https:\/\/cdnoticias.com\/index.php\/wp-json\/wp\/v2\/types\/post"}],"author":[{"embeddable":true,"href":"https:\/\/cdnoticias.com\/index.php\/wp-json\/wp\/v2\/users\/3"}],"replies":[{"embeddable":true,"href":"https:\/\/cdnoticias.com\/index.php\/wp-json\/wp\/v2\/comments?post=22572"}],"version-history":[{"count":0,"href":"https:\/\/cdnoticias.com\/index.php\/wp-json\/wp\/v2\/posts\/22572\/revisions"}],"wp:featuredmedia":[{"embeddable":true,"href":"https:\/\/cdnoticias.com\/index.php\/wp-json\/wp\/v2\/media\/11831"}],"wp:attachment":[{"href":"https:\/\/cdnoticias.com\/index.php\/wp-json\/wp\/v2\/media?parent=22572"}],"wp:term":[{"taxonomy":"category","embeddable":true,"href":"https:\/\/cdnoticias.com\/index.php\/wp-json\/wp\/v2\/categories?post=22572"},{"taxonomy":"post_tag","embeddable":true,"href":"https:\/\/cdnoticias.com\/index.php\/wp-json\/wp\/v2\/tags?post=22572"}],"curies":[{"name":"wp","href":"https:\/\/api.w.org\/{rel}","templated":true}]}}