{"id":2257,"date":"2020-09-23T11:48:41","date_gmt":"2020-09-23T14:48:41","guid":{"rendered":"http:\/\/www.centraldenoticias.com.ar\/?p=2257"},"modified":"2020-09-23T11:48:41","modified_gmt":"2020-09-23T14:48:41","slug":"covid-tres-provincias-en-crisis-por-ocupacion-de-terapia-intensiva","status":"publish","type":"post","link":"https:\/\/cdnoticias.com\/index.php\/2020\/09\/23\/covid-tres-provincias-en-crisis-por-ocupacion-de-terapia-intensiva\/","title":{"rendered":"Covid: tres provincias en crisis por ocupaci\u00f3n de Terapia Intensiva"},"content":{"rendered":"<p><span style=\"color: #14171a;\"><span style=\"font-family: system-ui, apple-system, BlinkMacSystemFont, Segoe UI, Roboto, Ubuntu, Helvetica Neue, sans-serif;\"><span style=\"font-size: medium;\">Se trata de R\u00edo Negro, Salta y Mendoza, que tienen una ocupaci\u00f3n mayor al 80%, seg\u00fan inform\u00f3 el Ministerio de Salud de la Naci\u00f3n. En total, unas 3.352 personas se encuentran internadas en Terapias Intensivas de todo el pa\u00eds. <\/span><\/span><\/span><!--more--><\/p>\n<hr \/>\n<p><span style=\"color: #14171a;\"><span style=\"font-family: system-ui, apple-system, BlinkMacSystemFont, Segoe UI, Roboto, Ubuntu, Helvetica Neue, sans-serif;\"><span style=\"font-size: medium;\">En la jornada de este mi\u00e9rcoles, <strong>el Ministerio de Salud de la Naci\u00f3n inform\u00f3 que tres provincias se encuentran en \u201czona cr\u00edtica\u201d por ocupaci\u00f3n hospitalaria dada la pandemia de Covid. Se trata de R\u00edo Negro, Salta y Mendoza<\/strong>, que tienen m\u00e1s del 80% de camas ocupadas. <\/span><\/span><\/span><\/p>\n<p><span style=\"color: #14171a;\"><span style=\"font-family: system-ui, apple-system, BlinkMacSystemFont, Segoe UI, Roboto, Ubuntu, Helvetica Neue, sans-serif;\"><span style=\"font-size: medium;\"><strong>Actualmente unas 3.352 personas se encuentran internadas en camas cr\u00edticas por coronavirus.<\/strong> De ese total, el 51,7% pertenece a CABA y a la provincia de Buenos Aires, el 19,4% a C\u00f3rdoba y el 5,2% a Tucum\u00e1n.<\/span><\/span><\/span><\/p>\n<blockquote><p>\n<span style=\"color: #14171a;\"><span style=\"font-family: system-ui, apple-system, BlinkMacSystemFont, Segoe UI, Roboto, Ubuntu, Helvetica Neue, sans-serif;\"><span style=\"font-size: medium;\">En este marco, la ocupaci\u00f3n de camas de terapia intensiva a nivel nacional llega al 60,4%, mientras que est\u00e1 en el 87% en R\u00edo Negro, y en el 81% en Salta y Mendoza.<\/span><\/span><\/span><\/p><\/blockquote>\n<p><span style=\"color: #14171a;\"><span style=\"font-family: system-ui, apple-system, BlinkMacSystemFont, Segoe UI, Roboto, Ubuntu, Helvetica Neue, sans-serif;\"><span style=\"font-size: medium;\">La secretaria de Acceso a la Salud, Carla Vizzotti, habl\u00f3 de una <strong><em>\u201cfederalizaci\u00f3n de la pandemia\u201d<\/em> <\/strong>y explic\u00f3 que la ciudad de Buenos Aires sigue siendo la m\u00e1s afectada desde el inicio de la pandemia, pero que en los \u00faltimos 14 d\u00edas los contagios cada 100 mil habitantes fueron m\u00e1s en La Rioja y Jujuy.<\/span><\/span><\/span><\/p>\n<p><span style=\"color: #14171a;\"><em>\u201c<\/em><span style=\"font-family: system-ui, apple-system, BlinkMacSystemFont, Segoe UI, Roboto, Ubuntu, Helvetica Neue, sans-serif;\"><span style=\"font-size: medium;\"><em>Otras provincias que est\u00e1n teniendo un importante n\u00famero de casos en relaci\u00f3n a la poblaci\u00f3n son Santa Cruz, Mendoza, Tierra del Fuego, R\u00edo Negro, Santa Fe, Buenos Aires y Salta, que est\u00e1n por encima de la media del pa\u00eds\u201d<\/em>, indic\u00f3 la funcionaria.<\/span><\/span><\/span><\/p>\n<blockquote><p>\n<span style=\"color: #14171a;\"><span style=\"font-family: system-ui, apple-system, BlinkMacSystemFont, Segoe UI, Roboto, Ubuntu, Helvetica Neue, sans-serif;\"><span style=\"font-size: medium;\">En cuanto a los fallecidos, Vizzotti explic\u00f3 que el AMBA, Jujuy, R\u00edo Negro, Tierra del Fuego y La Rioja est\u00e1n \u201cpor encima de la media\u201d desde el inicio de la pandemia.<\/span><\/span><\/span><\/p><\/blockquote>\n<p><span style=\"color: #14171a;\"><span style=\"font-family: system-ui, apple-system, BlinkMacSystemFont, Segoe UI, Roboto, Ubuntu, Helvetica Neue, sans-serif;\"><span style=\"font-size: medium;\">La cartera sanitaria confirm\u00f3 ayer<strong> 12.027 contagios de Covid-19 y los casos totales confirmados son m\u00e1s de 652 mil en Argentina. Los fallecidos llegan a 13.952, mientras que 517 mil personas ya se recuperaron de la enfermedad. <\/strong><\/span><\/span><\/span><\/p>\n","protected":false},"excerpt":{"rendered":"<p>Se trata de R\u00edo Negro, Salta y Mendoza, que tienen una ocupaci\u00f3n mayor al 80%, seg\u00fan inform\u00f3 el Ministerio de<\/p>\n","protected":false},"author":2,"featured_media":2258,"comment_status":"closed","ping_status":"closed","sticky":false,"template":"","format":"standard","meta":{"_jetpack_memberships_contains_paid_content":false,"footnotes":""},"categories":[6],"tags":[],"class_list":["post-2257","post","type-post","status-publish","format-standard","has-post-thumbnail","hentry","category-nacionales"],"jetpack_featured_media_url":"https:\/\/i0.wp.com\/cdnoticias.com\/wp-content\/uploads\/2020\/09\/terapia-intensiva-.jpeg?fit=696%2C392&ssl=1","jetpack_sharing_enabled":true,"_links":{"self":[{"href":"https:\/\/cdnoticias.com\/index.php\/wp-json\/wp\/v2\/posts\/2257","targetHints":{"allow":["GET"]}}],"collection":[{"href":"https:\/\/cdnoticias.com\/index.php\/wp-json\/wp\/v2\/posts"}],"about":[{"href":"https:\/\/cdnoticias.com\/index.php\/wp-json\/wp\/v2\/types\/post"}],"author":[{"embeddable":true,"href":"https:\/\/cdnoticias.com\/index.php\/wp-json\/wp\/v2\/users\/2"}],"replies":[{"embeddable":true,"href":"https:\/\/cdnoticias.com\/index.php\/wp-json\/wp\/v2\/comments?post=2257"}],"version-history":[{"count":0,"href":"https:\/\/cdnoticias.com\/index.php\/wp-json\/wp\/v2\/posts\/2257\/revisions"}],"wp:featuredmedia":[{"embeddable":true,"href":"https:\/\/cdnoticias.com\/index.php\/wp-json\/wp\/v2\/media\/2258"}],"wp:attachment":[{"href":"https:\/\/cdnoticias.com\/index.php\/wp-json\/wp\/v2\/media?parent=2257"}],"wp:term":[{"taxonomy":"category","embeddable":true,"href":"https:\/\/cdnoticias.com\/index.php\/wp-json\/wp\/v2\/categories?post=2257"},{"taxonomy":"post_tag","embeddable":true,"href":"https:\/\/cdnoticias.com\/index.php\/wp-json\/wp\/v2\/tags?post=2257"}],"curies":[{"name":"wp","href":"https:\/\/api.w.org\/{rel}","templated":true}]}}