{"id":22569,"date":"2021-05-27T20:44:57","date_gmt":"2021-05-27T23:44:57","guid":{"rendered":"http:\/\/www.centraldenoticias.com.ar\/?p=22569"},"modified":"2021-05-27T20:46:31","modified_gmt":"2021-05-27T23:46:31","slug":"retuvieron-a-un-adolescente-que-trepo-al-balcon-de-un-departamento-para-robar-una-bicicleta","status":"publish","type":"post","link":"https:\/\/cdnoticias.com\/index.php\/2021\/05\/27\/retuvieron-a-un-adolescente-que-trepo-al-balcon-de-un-departamento-para-robar-una-bicicleta\/","title":{"rendered":"Retuvieron a un adolescente que trep\u00f3 al balc\u00f3n de un departamento para robar una bicicleta"},"content":{"rendered":"<p>Fue interceptado por personal del Comando de Patrullas. El acusado, de 16 a\u00f1os, fue entregado a sus padres una vez tomados los recaudos legales.<!--more--><\/p>\n<hr \/>\n<p>En las \u00faltimas horas personal del Comando de Patrullas logr\u00f3 llevar adelante la captura de<strong> un adolescente que intentaba escapar con una bicicleta que instantes antes hab\u00eda robado de un complejo de departamento.<\/strong><\/p>\n<p>&nbsp;<\/p>\n<p>De acuerdo con lo que se precis\u00f3, fue sobre Collinet al 3200 donde el acusado se habr\u00eda trepado al balc\u00f3n de un departamento para sustraer una bicicleta Mountain Bike,<strong> id\u00e9ntico rodado en el que sorprendido minutos m\u00e1s tarde sobre Saavedra 1200.<\/strong><\/p>\n<p>&nbsp;<\/p>\n<p>Las tareas contaron con el aporte de personal de la comisar\u00eda Primera y el chico de 16 a\u00f1os fue entregado a sus padres una vez tomados los recaudos legales. Se iniciaron actuaciones por<strong> \u201churto agravado por escalamiento\u201d, con la intervenci\u00f3n del Fuero Penal de Responsabilidad Juvenil.<\/strong><\/p>\n","protected":false},"excerpt":{"rendered":"<p>Fue interceptado por personal del Comando de Patrullas. El acusado, de 16 a\u00f1os, fue entregado a sus padres una vez<\/p>\n","protected":false},"author":3,"featured_media":22571,"comment_status":"closed","ping_status":"closed","sticky":false,"template":"","format":"standard","meta":{"_jetpack_memberships_contains_paid_content":false,"footnotes":""},"categories":[14,1],"tags":[],"class_list":["post-22569","post","type-post","status-publish","format-standard","has-post-thumbnail","hentry","category-policiales","category-portada"],"jetpack_featured_media_url":"https:\/\/i0.wp.com\/cdnoticias.com\/wp-content\/uploads\/2021\/05\/WhatsApp-Image-2021-05-27-at-20.33.18.jpeg?fit=1032%2C774&ssl=1","jetpack_sharing_enabled":true,"_links":{"self":[{"href":"https:\/\/cdnoticias.com\/index.php\/wp-json\/wp\/v2\/posts\/22569","targetHints":{"allow":["GET"]}}],"collection":[{"href":"https:\/\/cdnoticias.com\/index.php\/wp-json\/wp\/v2\/posts"}],"about":[{"href":"https:\/\/cdnoticias.com\/index.php\/wp-json\/wp\/v2\/types\/post"}],"author":[{"embeddable":true,"href":"https:\/\/cdnoticias.com\/index.php\/wp-json\/wp\/v2\/users\/3"}],"replies":[{"embeddable":true,"href":"https:\/\/cdnoticias.com\/index.php\/wp-json\/wp\/v2\/comments?post=22569"}],"version-history":[{"count":0,"href":"https:\/\/cdnoticias.com\/index.php\/wp-json\/wp\/v2\/posts\/22569\/revisions"}],"wp:featuredmedia":[{"embeddable":true,"href":"https:\/\/cdnoticias.com\/index.php\/wp-json\/wp\/v2\/media\/22571"}],"wp:attachment":[{"href":"https:\/\/cdnoticias.com\/index.php\/wp-json\/wp\/v2\/media?parent=22569"}],"wp:term":[{"taxonomy":"category","embeddable":true,"href":"https:\/\/cdnoticias.com\/index.php\/wp-json\/wp\/v2\/categories?post=22569"},{"taxonomy":"post_tag","embeddable":true,"href":"https:\/\/cdnoticias.com\/index.php\/wp-json\/wp\/v2\/tags?post=22569"}],"curies":[{"name":"wp","href":"https:\/\/api.w.org\/{rel}","templated":true}]}}