{"id":22566,"date":"2021-05-27T19:50:22","date_gmt":"2021-05-27T22:50:22","guid":{"rendered":"http:\/\/www.centraldenoticias.com.ar\/?p=22566"},"modified":"2021-05-27T19:50:22","modified_gmt":"2021-05-27T22:50:22","slug":"capturaron-un-hombre-de-35-anos-por-vulnerar-una-restriccion-de-acercamiento","status":"publish","type":"post","link":"https:\/\/cdnoticias.com\/index.php\/2021\/05\/27\/capturaron-un-hombre-de-35-anos-por-vulnerar-una-restriccion-de-acercamiento\/","title":{"rendered":"Capturaron un hombre de 35 a\u00f1os por vulnerar una restricci\u00f3n de acercamiento"},"content":{"rendered":"<p>Lo intercept\u00f3 personal del Comando de Patrullas en las cercan\u00edas del domicilio de un familiar al que ten\u00eda prohibido acercarse.<!--more--><\/p>\n<hr \/>\n<p>En las \u00faltimas horas personal del Comando de Patrullas, con la colaboraci\u00f3n de agentes de la comisar\u00eda De la Mujer, llevaron adelante la interceptaci\u00f3n y captura de <strong>un hombre de 35 a\u00f1os, quien fue sorprendido en las cercan\u00edas de un domicilio en el que ten\u00eda prohibido acercarse, seg\u00fan hab\u00eda sido dispuesto como medida de abrigo desde el Juzgado de Familia 1.<\/strong><\/p>\n<p>&nbsp;<\/p>\n<p>Se narr\u00f3 que todo sucedi\u00f3 sobre San Mart\u00edn al 4300. Se omiten mayores precisiones sobre las personas implicadas para resguardar la integridad e intimidad de las v\u00edctimas. Lo que s\u00ed se puede dar cuenta es que<strong> la vigencia de la medida fue constatada a trav\u00e9s del servicio inform\u00e1tico policial, lo que dio marco a la aprehensi\u00f3n del individuo.<\/strong><\/p>\n<p>&nbsp;<\/p>\n<p>Interviene la UFI 5, la fiscal\u00eda especializada en Violencia Familiar y de G\u00e9nero, de la doctora Viviana Beyt\u00eda, quien en las pr\u00f3ximas horas indagar\u00e1 al acusado y deber\u00e1 resolver si requiere la detenci\u00f3n o dispone la liberaci\u00f3n.<strong> Las actuaciones, en principio, est\u00e1n caratuladas como \u201cdesobediencia\u201d y el hombre permanece alojado en la comisar\u00eda Segunda.<\/strong><\/p>\n","protected":false},"excerpt":{"rendered":"<p>Lo intercept\u00f3 personal del Comando de Patrullas en las cercan\u00edas del domicilio de un familiar al que ten\u00eda prohibido acercarse.<\/p>\n","protected":false},"author":3,"featured_media":22567,"comment_status":"closed","ping_status":"closed","sticky":false,"template":"","format":"standard","meta":{"_jetpack_memberships_contains_paid_content":false,"footnotes":""},"categories":[14],"tags":[],"class_list":["post-22566","post","type-post","status-publish","format-standard","has-post-thumbnail","hentry","category-policiales"],"jetpack_featured_media_url":"https:\/\/i0.wp.com\/cdnoticias.com\/wp-content\/uploads\/2021\/05\/genero-1.jpg?fit=800%2C445&ssl=1","jetpack_sharing_enabled":true,"_links":{"self":[{"href":"https:\/\/cdnoticias.com\/index.php\/wp-json\/wp\/v2\/posts\/22566","targetHints":{"allow":["GET"]}}],"collection":[{"href":"https:\/\/cdnoticias.com\/index.php\/wp-json\/wp\/v2\/posts"}],"about":[{"href":"https:\/\/cdnoticias.com\/index.php\/wp-json\/wp\/v2\/types\/post"}],"author":[{"embeddable":true,"href":"https:\/\/cdnoticias.com\/index.php\/wp-json\/wp\/v2\/users\/3"}],"replies":[{"embeddable":true,"href":"https:\/\/cdnoticias.com\/index.php\/wp-json\/wp\/v2\/comments?post=22566"}],"version-history":[{"count":0,"href":"https:\/\/cdnoticias.com\/index.php\/wp-json\/wp\/v2\/posts\/22566\/revisions"}],"wp:featuredmedia":[{"embeddable":true,"href":"https:\/\/cdnoticias.com\/index.php\/wp-json\/wp\/v2\/media\/22567"}],"wp:attachment":[{"href":"https:\/\/cdnoticias.com\/index.php\/wp-json\/wp\/v2\/media?parent=22566"}],"wp:term":[{"taxonomy":"category","embeddable":true,"href":"https:\/\/cdnoticias.com\/index.php\/wp-json\/wp\/v2\/categories?post=22566"},{"taxonomy":"post_tag","embeddable":true,"href":"https:\/\/cdnoticias.com\/index.php\/wp-json\/wp\/v2\/tags?post=22566"}],"curies":[{"name":"wp","href":"https:\/\/api.w.org\/{rel}","templated":true}]}}