{"id":22540,"date":"2021-05-27T18:41:47","date_gmt":"2021-05-27T21:41:47","guid":{"rendered":"http:\/\/www.centraldenoticias.com.ar\/?p=22540"},"modified":"2021-05-27T18:41:47","modified_gmt":"2021-05-27T21:41:47","slug":"monica-silvia-donadio-de-flores-gorda-q-e-p-d","status":"publish","type":"post","link":"https:\/\/cdnoticias.com\/index.php\/2021\/05\/27\/monica-silvia-donadio-de-flores-gorda-q-e-p-d\/","title":{"rendered":"M\u00f3nica Silvia Donad\u00edo de Flores &#8220;Gorda&#8221; (Q.E.P.D.)"},"content":{"rendered":"<p>Falleci\u00f3 en Olavarr\u00eda el d\u00eda 27 de Mayo de 2021 a los 65 a\u00f1os de edad. Su esposo Jos\u00e9 Maria Flores. Sus hermanas Susana y Mirta Donad\u00edo. Sus hermanos pol\u00edticos Marcelo Blas Gonz\u00e1lez y Omar Porte. Sus sobrinos dem\u00e1s\u00a0deudos participan su fallecimiento.<\/p>\n<p>&nbsp;<\/p>\n<p>Sus restos ser\u00e1n velados este viernes desde las 6.30 en la sala velatoria de Espa\u00f1a 2942, departamento &#8220;B&#8221;, y ser\u00e1n inhumados desde las 8.30 en el Cementerio Loma de Paz. Servicio adherido a Coopelectric.<\/p>\n<p>&nbsp;<\/p>\n<p>Vecina de Barrio Pueblo Nuevo. Jubilada.<\/p>\n<p>&nbsp;<\/p>\n<p>&nbsp;<\/p>\n","protected":false},"excerpt":{"rendered":"<p>Falleci\u00f3 en Olavarr\u00eda el d\u00eda 27 de Mayo de 2021 a los 65 a\u00f1os de edad. Su esposo Jos\u00e9 Maria<\/p>\n","protected":false},"author":3,"featured_media":0,"comment_status":"closed","ping_status":"closed","sticky":false,"template":"","format":"standard","meta":{"_jetpack_memberships_contains_paid_content":false,"footnotes":""},"categories":[10],"tags":[],"class_list":["post-22540","post","type-post","status-publish","format-standard","hentry","category-necrologicas"],"jetpack_featured_media_url":"","jetpack_sharing_enabled":true,"_links":{"self":[{"href":"https:\/\/cdnoticias.com\/index.php\/wp-json\/wp\/v2\/posts\/22540","targetHints":{"allow":["GET"]}}],"collection":[{"href":"https:\/\/cdnoticias.com\/index.php\/wp-json\/wp\/v2\/posts"}],"about":[{"href":"https:\/\/cdnoticias.com\/index.php\/wp-json\/wp\/v2\/types\/post"}],"author":[{"embeddable":true,"href":"https:\/\/cdnoticias.com\/index.php\/wp-json\/wp\/v2\/users\/3"}],"replies":[{"embeddable":true,"href":"https:\/\/cdnoticias.com\/index.php\/wp-json\/wp\/v2\/comments?post=22540"}],"version-history":[{"count":0,"href":"https:\/\/cdnoticias.com\/index.php\/wp-json\/wp\/v2\/posts\/22540\/revisions"}],"wp:attachment":[{"href":"https:\/\/cdnoticias.com\/index.php\/wp-json\/wp\/v2\/media?parent=22540"}],"wp:term":[{"taxonomy":"category","embeddable":true,"href":"https:\/\/cdnoticias.com\/index.php\/wp-json\/wp\/v2\/categories?post=22540"},{"taxonomy":"post_tag","embeddable":true,"href":"https:\/\/cdnoticias.com\/index.php\/wp-json\/wp\/v2\/tags?post=22540"}],"curies":[{"name":"wp","href":"https:\/\/api.w.org\/{rel}","templated":true}]}}