{"id":22499,"date":"2021-05-27T13:47:16","date_gmt":"2021-05-27T16:47:16","guid":{"rendered":"http:\/\/www.centraldenoticias.com.ar\/?p=22499"},"modified":"2021-05-27T15:04:28","modified_gmt":"2021-05-27T18:04:28","slug":"vacunate-central-de-noticias-y-region-sanitaria-ix-firmaron-un-acta-acuerdo","status":"publish","type":"post","link":"https:\/\/cdnoticias.com\/index.php\/2021\/05\/27\/vacunate-central-de-noticias-y-region-sanitaria-ix-firmaron-un-acta-acuerdo\/","title":{"rendered":"\u00a1Vacunate! Central de Noticias y Regi\u00f3n Sanitaria IX firmaron un acta acuerdo"},"content":{"rendered":"<p>Aquellos interesados en vacunarse contra el COVID19 podr\u00e1n consultar con este medio para ser asesorados e inscribirse en el plan de vacunaci\u00f3n p\u00fablico, gratuito y optativo \u201cBuenos Aires Vacunate\u201d.\u00a0<!--more--><\/p>\n<hr \/>\n<p>En la ma\u00f1ana de este jueves,<strong> Central de Noticias firm\u00f3 un acta acuerdo con la Regi\u00f3n Sanitaria IX para colaborar en la inscripci\u00f3n del plan de vacunaci\u00f3n \u201cBuenos Aires Vacunate\u201d.<\/strong><\/p>\n<p>&nbsp;<\/p>\n<p>De la firma participaron Ramiro Borzi, titular de la Regi\u00f3n Sanitaria IX, y Alexis Grierson, integrante de Central de Noticias.<\/p>\n<p>&nbsp;<\/p>\n<p><img data-recalc-dims=\"1\" loading=\"lazy\" decoding=\"async\" class=\"alignnone size-large wp-image-22500\" src=\"https:\/\/i0.wp.com\/cdnoticias.com\/wp-content\/uploads\/2021\/05\/WhatsApp-Image-2021-05-27-at-12.53.20.jpeg?resize=800%2C448&#038;ssl=1\" alt=\"\" width=\"800\" height=\"448\" srcset=\"https:\/\/i0.wp.com\/cdnoticias.com\/wp-content\/uploads\/2021\/05\/WhatsApp-Image-2021-05-27-at-12.53.20.jpeg?resize=1024%2C574&amp;ssl=1 1024w, https:\/\/i0.wp.com\/cdnoticias.com\/wp-content\/uploads\/2021\/05\/WhatsApp-Image-2021-05-27-at-12.53.20.jpeg?resize=300%2C168&amp;ssl=1 300w, https:\/\/i0.wp.com\/cdnoticias.com\/wp-content\/uploads\/2021\/05\/WhatsApp-Image-2021-05-27-at-12.53.20.jpeg?resize=768%2C430&amp;ssl=1 768w, https:\/\/i0.wp.com\/cdnoticias.com\/wp-content\/uploads\/2021\/05\/WhatsApp-Image-2021-05-27-at-12.53.20.jpeg?w=1280&amp;ssl=1 1280w\" sizes=\"auto, (max-width: 800px) 100vw, 800px\" \/><\/p>\n<p>&nbsp;<\/p>\n<p>La intenci\u00f3n es, desde el medio, <strong>colaborar con la inscripci\u00f3n de aquellos interesados en inocularse contra el COVID19 y a\u00fan no lo hicieron<\/strong>, facilitando su inscripci\u00f3n o asesor\u00e1ndolos ante diversas dudas sobre el plan de vacunaci\u00f3n bonaerense.<\/p>\n<p>&nbsp;<\/p>\n<blockquote><p>Si ten\u00e9s dudas y quer\u00e9s anotarte, vas a poder comunicarte al 2284269937 o acercarte a las oficinas de \u00c1lvaro Barros 2710 (FM Radio Sapiens 102.7) en horario de 11 a 15 horas.<\/p><\/blockquote>\n<p>&nbsp;<\/p>\n<p>Cabe recordar que<strong> el plan es p\u00fablico, gratuito y optativo y es la \u00fanica forma de erradicar esta pandemia que azota al mundo entero desde hace 15 meses.<\/strong><\/p>\n<p>&nbsp;<\/p>\n<p><img data-recalc-dims=\"1\" loading=\"lazy\" decoding=\"async\" class=\"alignnone size-full wp-image-18463\" src=\"https:\/\/i0.wp.com\/cdnoticias.com\/wp-content\/uploads\/2021\/04\/WhatsApp-Image-2021-04-09-at-20.49.55.jpeg?resize=720%2C443&#038;ssl=1\" alt=\"\" width=\"720\" height=\"443\" srcset=\"https:\/\/i0.wp.com\/cdnoticias.com\/wp-content\/uploads\/2021\/04\/WhatsApp-Image-2021-04-09-at-20.49.55.jpeg?w=720&amp;ssl=1 720w, https:\/\/i0.wp.com\/cdnoticias.com\/wp-content\/uploads\/2021\/04\/WhatsApp-Image-2021-04-09-at-20.49.55.jpeg?resize=300%2C185&amp;ssl=1 300w\" sizes=\"auto, (max-width: 720px) 100vw, 720px\" \/><\/p>\n<p>&nbsp;<\/p>\n<p>Si quer\u00e9s anotarte por tus propios medios, deber\u00e1s ingresar a la p\u00e1gina <a href=\"https:\/\/vacunate.ms.gba.gov.ar\/\">https:\/\/vacunate.ms.gba.gov.ar\/<\/a> y, posteriormente,<a href=\"https:\/\/play.google.com\/store\/apps\/details?id=com.minsaludpba.vacunatePBA&amp;hl=es\" target=\"_blank\" rel=\"noopener\"> descargar la aplicaci\u00f3n \u201cvacunatePBA\u201d<\/a> para <strong>seguir de cerca las alertas cuando tengas el turno, mismo caso el correo electr\u00f3nico que completes en la planilla de inscripci\u00f3n.<\/strong><\/p>\n","protected":false},"excerpt":{"rendered":"<p>Aquellos interesados en vacunarse contra el COVID19 podr\u00e1n consultar con este medio para ser asesorados e inscribirse en el plan<\/p>\n","protected":false},"author":2,"featured_media":22501,"comment_status":"closed","ping_status":"closed","sticky":false,"template":"","format":"standard","meta":{"_jetpack_memberships_contains_paid_content":false,"footnotes":""},"categories":[16,1],"tags":[],"class_list":["post-22499","post","type-post","status-publish","format-standard","has-post-thumbnail","hentry","category-covid-19","category-portada"],"jetpack_featured_media_url":"https:\/\/i0.wp.com\/cdnoticias.com\/wp-content\/uploads\/2021\/05\/WhatsApp-Image-2021-05-27-at-12.53.19.jpeg?fit=1280%2C758&ssl=1","jetpack_sharing_enabled":true,"_links":{"self":[{"href":"https:\/\/cdnoticias.com\/index.php\/wp-json\/wp\/v2\/posts\/22499","targetHints":{"allow":["GET"]}}],"collection":[{"href":"https:\/\/cdnoticias.com\/index.php\/wp-json\/wp\/v2\/posts"}],"about":[{"href":"https:\/\/cdnoticias.com\/index.php\/wp-json\/wp\/v2\/types\/post"}],"author":[{"embeddable":true,"href":"https:\/\/cdnoticias.com\/index.php\/wp-json\/wp\/v2\/users\/2"}],"replies":[{"embeddable":true,"href":"https:\/\/cdnoticias.com\/index.php\/wp-json\/wp\/v2\/comments?post=22499"}],"version-history":[{"count":0,"href":"https:\/\/cdnoticias.com\/index.php\/wp-json\/wp\/v2\/posts\/22499\/revisions"}],"wp:featuredmedia":[{"embeddable":true,"href":"https:\/\/cdnoticias.com\/index.php\/wp-json\/wp\/v2\/media\/22501"}],"wp:attachment":[{"href":"https:\/\/cdnoticias.com\/index.php\/wp-json\/wp\/v2\/media?parent=22499"}],"wp:term":[{"taxonomy":"category","embeddable":true,"href":"https:\/\/cdnoticias.com\/index.php\/wp-json\/wp\/v2\/categories?post=22499"},{"taxonomy":"post_tag","embeddable":true,"href":"https:\/\/cdnoticias.com\/index.php\/wp-json\/wp\/v2\/tags?post=22499"}],"curies":[{"name":"wp","href":"https:\/\/api.w.org\/{rel}","templated":true}]}}