{"id":22496,"date":"2021-05-27T13:24:36","date_gmt":"2021-05-27T16:24:36","guid":{"rendered":"http:\/\/www.centraldenoticias.com.ar\/?p=22496"},"modified":"2021-05-27T13:24:36","modified_gmt":"2021-05-27T16:24:36","slug":"pesar-por-el-fallecimiento-de-maricruz-bevacqua","status":"publish","type":"post","link":"https:\/\/cdnoticias.com\/index.php\/2021\/05\/27\/pesar-por-el-fallecimiento-de-maricruz-bevacqua\/","title":{"rendered":"Pesar por el fallecimiento de Maricruz Bevacqua"},"content":{"rendered":"<p>La docente del Jard\u00edn N\u00b0 907 muri\u00f3 en las \u00faltimas horas. Suteba Olavarr\u00eda emiti\u00f3 las condolencias por \u201cla p\u00e9rdida irreparable de su compa\u00f1era\u201d.\u00a0<!--more--><\/p>\n<hr \/>\n<p>En la jornada de este jueves,<strong> se conoci\u00f3 el lamentable fallecimiento de la docente Maricruz Bevacqua a los 41 a\u00f1os de edad.<\/strong> La noticia gener\u00f3 una conmoci\u00f3n en el ambiente docente, lugar donde se desempe\u00f1aba.<\/p>\n<p>&nbsp;<\/p>\n<blockquote><p>Varios docentes se hicieron eco del lamentable suceso y despidieron a Maricruz en redes sociales.<\/p><\/blockquote>\n<p>&nbsp;<\/p>\n<p>Adem\u00e1s, <strong>Suteba tambi\u00e9n realiz\u00f3 una publicaci\u00f3n lamentando la enorme p\u00e9rdida de la docente del Jard\u00edn N\u00b0 907.<\/strong><\/p>\n<p>&nbsp;<\/p>\n<p><em>\u201cAbrazamos con el coraz\u00f3n a la comunidad educativa del Jard\u00edn 907 de nuestra ciudad ante la p\u00e9rdida irreparable de su compa\u00f1era Maricruz\u201d<\/em> escribieron en Facebook en horas de la ma\u00f1ana.<\/p>\n<p>&nbsp;<\/p>\n<p><iframe loading=\"lazy\" style=\"border: none; overflow: hidden;\" src=\"https:\/\/www.facebook.com\/plugins\/post.php?href=https%3A%2F%2Fwww.facebook.com%2Fceleste.suteba%2Fposts%2F823026931953073&amp;show_text=true&amp;width=500\" width=\"500\" height=\"497\" frameborder=\"0\" scrolling=\"no\" allowfullscreen=\"allowfullscreen\"><\/iframe><\/p>\n","protected":false},"excerpt":{"rendered":"<p>La docente del Jard\u00edn N\u00b0 907 muri\u00f3 en las \u00faltimas horas. Suteba Olavarr\u00eda emiti\u00f3 las condolencias por \u201cla p\u00e9rdida irreparable<\/p>\n","protected":false},"author":2,"featured_media":22497,"comment_status":"closed","ping_status":"closed","sticky":false,"template":"","format":"standard","meta":{"_jetpack_memberships_contains_paid_content":false,"footnotes":""},"categories":[5,1],"tags":[],"class_list":["post-22496","post","type-post","status-publish","format-standard","has-post-thumbnail","hentry","category-informacion-general","category-portada"],"jetpack_featured_media_url":"https:\/\/i0.wp.com\/cdnoticias.com\/wp-content\/uploads\/2021\/05\/21015976_1619925371385074_9126604896455227583_o.jpg?fit=800%2C617&ssl=1","jetpack_sharing_enabled":true,"_links":{"self":[{"href":"https:\/\/cdnoticias.com\/index.php\/wp-json\/wp\/v2\/posts\/22496","targetHints":{"allow":["GET"]}}],"collection":[{"href":"https:\/\/cdnoticias.com\/index.php\/wp-json\/wp\/v2\/posts"}],"about":[{"href":"https:\/\/cdnoticias.com\/index.php\/wp-json\/wp\/v2\/types\/post"}],"author":[{"embeddable":true,"href":"https:\/\/cdnoticias.com\/index.php\/wp-json\/wp\/v2\/users\/2"}],"replies":[{"embeddable":true,"href":"https:\/\/cdnoticias.com\/index.php\/wp-json\/wp\/v2\/comments?post=22496"}],"version-history":[{"count":0,"href":"https:\/\/cdnoticias.com\/index.php\/wp-json\/wp\/v2\/posts\/22496\/revisions"}],"wp:featuredmedia":[{"embeddable":true,"href":"https:\/\/cdnoticias.com\/index.php\/wp-json\/wp\/v2\/media\/22497"}],"wp:attachment":[{"href":"https:\/\/cdnoticias.com\/index.php\/wp-json\/wp\/v2\/media?parent=22496"}],"wp:term":[{"taxonomy":"category","embeddable":true,"href":"https:\/\/cdnoticias.com\/index.php\/wp-json\/wp\/v2\/categories?post=22496"},{"taxonomy":"post_tag","embeddable":true,"href":"https:\/\/cdnoticias.com\/index.php\/wp-json\/wp\/v2\/tags?post=22496"}],"curies":[{"name":"wp","href":"https:\/\/api.w.org\/{rel}","templated":true}]}}