{"id":22494,"date":"2021-05-27T13:13:42","date_gmt":"2021-05-27T16:13:42","guid":{"rendered":"http:\/\/www.centraldenoticias.com.ar\/?p=22494"},"modified":"2021-05-27T13:13:42","modified_gmt":"2021-05-27T16:13:42","slug":"directores-de-escuelas-secundarias-respondieron-a-radicales-en-juntos-por-el-cambio","status":"publish","type":"post","link":"https:\/\/cdnoticias.com\/index.php\/2021\/05\/27\/directores-de-escuelas-secundarias-respondieron-a-radicales-en-juntos-por-el-cambio\/","title":{"rendered":"Directores de escuelas secundarias respondieron a Radicales en Juntos por el Cambio"},"content":{"rendered":"<p>\u201cInvitamos a los concejales a presentar los datos, a recorrer las escuelas, a dialogar con los referentes de las instituciones educativas para que puedan conocer nuestra realidad y a no realizar afirmaciones desde el sentido com\u00fan\u201d sostuvieron.<!--more--><\/p>\n<hr \/>\n<p><strong>Directores de establecimientos educativos p\u00fablicos de Olavarr\u00eda respondieron a los referentes de Radicales de Juntos para el Cambio<\/strong> en referencia a sus dichos sobre educaci\u00f3n en un comunicado que emitieron sobre actualidad pol\u00edtica local.<\/p>\n<p>&nbsp;<\/p>\n<p>La <strong>ADESO (Agrupaci\u00f3n de Directores de Escuelas Secundarias del Partido de Olavarr\u00eda)<\/strong> retom\u00f3 la expresi\u00f3n de Celeste Arouxet y Guillermo Lascano &#8211;<a href=\"https:\/\/cdnoticias.com\/index.php\/2021\/05\/25\/radicales-en-juntos-por-el-cambio-y-su-propuesta-de-cambiar-el-futuro\/\" target=\"_blank\" rel=\"noopener\">\u201ctienes que pagar la educaci\u00f3n de tus hijos en un colegio privado porque lamentablemente en la escuela p\u00fablica ya no alcanzan los conceptos m\u00ednimos\u201d<\/a>&#8211; para plantear una serie de cuestionamientos.<\/p>\n<p>&nbsp;<\/p>\n<p><strong>\u201cNos gustar\u00eda conocer cu\u00e1les son las fuentes de informaci\u00f3n o los datos que cuentan los concejales para realizar tal afirmaci\u00f3n\u201d<\/strong> y \u201cpor qu\u00e9 realizan esta distinci\u00f3n entre lo p\u00fablico y lo privado cuando <strong>la Educaci\u00f3n es un Derecho<\/strong> que debe garantizar el Estado\u201d, se\u00f1alaron.<\/p>\n<p>&nbsp;<\/p>\n<p>Adem\u00e1s, agregaron que <strong>\u201cestamos todos garantizando los contenidos prioritarios enmarcados en el Dise\u00f1o que nos env\u00eda la Direcci\u00f3n General de Cultura y Educaci\u00f3n\u201d<\/strong>.<\/p>\n<p>&nbsp;<\/p>\n<blockquote><p>\u201cInvitamos a los concejales a presentar los datos, a recorrer las escuelas, a dialogar con los referentes de las instituciones educativas para que puedan conocer nuestra realidad y a no realizar afirmaciones desde el sentido com\u00fan, con tanta liviandad y que no aportan a la construcci\u00f3n colectiva sobre pensar la educaci\u00f3n en contexto de pandemia\u201d sostuvieron.<\/p><\/blockquote>\n<p>&nbsp;<\/p>\n<p>Seg\u00fan explicaron, los directivos consideraron que \u201clas afirmaciones de Celeste Arouxet y Guillermo Lascano vertidas en los diferentes medios de comunicaci\u00f3n<strong> nos desprestigia y desvaloriza desde nuestro compromiso<\/strong> con la educaci\u00f3n publica, del hacer de todos los d\u00edas\u201d.<\/p>\n<p>&nbsp;<\/p>\n<p>La nota lleva las firmas de <em>Laura Treza, Carina Di Clemente, Myriam Jouanny, Sandra Botassi, Alejandra Longo, Paola Gallete, Pedro Cisneros, Anal\u00eda Bertolotto, Yamila Aguirrezabala, Maximiliano Gonzalez, Jos\u00e9 Mog\u00e1vero, Raquel Gasparin, Gabriela Robledo y Lorena Peralta<\/em>.<\/p>\n","protected":false},"excerpt":{"rendered":"<p>\u201cInvitamos a los concejales a presentar los datos, a recorrer las escuelas, a dialogar con los referentes de las instituciones<\/p>\n","protected":false},"author":4,"featured_media":14597,"comment_status":"closed","ping_status":"closed","sticky":false,"template":"","format":"standard","meta":{"_jetpack_memberships_contains_paid_content":false,"footnotes":""},"categories":[4,1],"tags":[],"class_list":["post-22494","post","type-post","status-publish","format-standard","has-post-thumbnail","hentry","category-politica","category-portada"],"jetpack_featured_media_url":"https:\/\/i0.wp.com\/cdnoticias.com\/wp-content\/uploads\/2021\/02\/DIB-docente-aula-630x420.jpg?fit=630%2C420&ssl=1","jetpack_sharing_enabled":true,"_links":{"self":[{"href":"https:\/\/cdnoticias.com\/index.php\/wp-json\/wp\/v2\/posts\/22494","targetHints":{"allow":["GET"]}}],"collection":[{"href":"https:\/\/cdnoticias.com\/index.php\/wp-json\/wp\/v2\/posts"}],"about":[{"href":"https:\/\/cdnoticias.com\/index.php\/wp-json\/wp\/v2\/types\/post"}],"author":[{"embeddable":true,"href":"https:\/\/cdnoticias.com\/index.php\/wp-json\/wp\/v2\/users\/4"}],"replies":[{"embeddable":true,"href":"https:\/\/cdnoticias.com\/index.php\/wp-json\/wp\/v2\/comments?post=22494"}],"version-history":[{"count":0,"href":"https:\/\/cdnoticias.com\/index.php\/wp-json\/wp\/v2\/posts\/22494\/revisions"}],"wp:featuredmedia":[{"embeddable":true,"href":"https:\/\/cdnoticias.com\/index.php\/wp-json\/wp\/v2\/media\/14597"}],"wp:attachment":[{"href":"https:\/\/cdnoticias.com\/index.php\/wp-json\/wp\/v2\/media?parent=22494"}],"wp:term":[{"taxonomy":"category","embeddable":true,"href":"https:\/\/cdnoticias.com\/index.php\/wp-json\/wp\/v2\/categories?post=22494"},{"taxonomy":"post_tag","embeddable":true,"href":"https:\/\/cdnoticias.com\/index.php\/wp-json\/wp\/v2\/tags?post=22494"}],"curies":[{"name":"wp","href":"https:\/\/api.w.org\/{rel}","templated":true}]}}