{"id":22468,"date":"2021-05-27T08:45:24","date_gmt":"2021-05-27T11:45:24","guid":{"rendered":"http:\/\/www.centraldenoticias.com.ar\/?p=22468"},"modified":"2021-05-27T09:43:43","modified_gmt":"2021-05-27T12:43:43","slug":"recuperaron-dos-lonas-de-camion-robadas","status":"publish","type":"post","link":"https:\/\/cdnoticias.com\/index.php\/2021\/05\/27\/recuperaron-dos-lonas-de-camion-robadas\/","title":{"rendered":"Recuperaron dos lonas de cami\u00f3n robadas"},"content":{"rendered":"<p>Ocurri\u00f3 en Loma Negra. Fueron sustra\u00eddas el domingo de un cami\u00f3n que estaba estacionado en la v\u00eda p\u00fablica.<!--more--><\/p>\n<hr \/>\n<p><strong>Dos lonas de cami\u00f3n que hab\u00edan sido denunciadas como robadas el domingo en la Subcomisar\u00eda de Loma Negra fueron recuperadas en las \u00faltimas horas<\/strong>.<\/p>\n<p>&nbsp;<\/p>\n<p>Seg\u00fan detall\u00f3 la v\u00edctima,<strong> las lonas -una azul y una verde- estaban en un cami\u00f3n de su propiedad que estaba estacionado en 25 de Mayo al 1100<\/strong> de esa localidad.<\/p>\n<p>&nbsp;<\/p>\n<p>Las averiguaciones llevaron a los efectivos policiales hasta <strong>una vivienda de calle Presidente Illia al 1200 donde realizaron un allanamiento con anuencia<\/strong>.<\/p>\n<p>&nbsp;<\/p>\n<p><strong>En este domicilio fueron halladas las lonas<\/strong>. El personal secuestr\u00f3 los art\u00edculos y los traslad\u00f3 a la Subcomisar\u00eda, a disposici\u00f3n del magistrado interviniente.<\/p>\n<p>&nbsp;<\/p>\n<p>El morador del domicilio allanado <strong>fue informado de las actuaciones en su contra<\/strong>.<\/p>\n<p>&nbsp;<\/p>\n<p>Fue acusado de &#8220;hurto&#8221; con intervenci\u00f3n de la Ayudant\u00eda Fiscal de Autores Ignorados de Olavarr\u00eda, a cargo de la doctora Mirta Deroni.<\/p>\n","protected":false},"excerpt":{"rendered":"<p>Ocurri\u00f3 en Loma Negra. Fueron sustra\u00eddas el domingo de un cami\u00f3n que estaba estacionado en la v\u00eda p\u00fablica.<\/p>\n","protected":false},"author":4,"featured_media":22469,"comment_status":"closed","ping_status":"closed","sticky":false,"template":"","format":"standard","meta":{"_jetpack_memberships_contains_paid_content":false,"footnotes":""},"categories":[14,1],"tags":[],"class_list":["post-22468","post","type-post","status-publish","format-standard","has-post-thumbnail","hentry","category-policiales","category-portada"],"jetpack_featured_media_url":"https:\/\/i0.wp.com\/cdnoticias.com\/wp-content\/uploads\/2021\/05\/loma-negra-lona-robada00.jpg?fit=871%2C484&ssl=1","jetpack_sharing_enabled":true,"_links":{"self":[{"href":"https:\/\/cdnoticias.com\/index.php\/wp-json\/wp\/v2\/posts\/22468","targetHints":{"allow":["GET"]}}],"collection":[{"href":"https:\/\/cdnoticias.com\/index.php\/wp-json\/wp\/v2\/posts"}],"about":[{"href":"https:\/\/cdnoticias.com\/index.php\/wp-json\/wp\/v2\/types\/post"}],"author":[{"embeddable":true,"href":"https:\/\/cdnoticias.com\/index.php\/wp-json\/wp\/v2\/users\/4"}],"replies":[{"embeddable":true,"href":"https:\/\/cdnoticias.com\/index.php\/wp-json\/wp\/v2\/comments?post=22468"}],"version-history":[{"count":0,"href":"https:\/\/cdnoticias.com\/index.php\/wp-json\/wp\/v2\/posts\/22468\/revisions"}],"wp:featuredmedia":[{"embeddable":true,"href":"https:\/\/cdnoticias.com\/index.php\/wp-json\/wp\/v2\/media\/22469"}],"wp:attachment":[{"href":"https:\/\/cdnoticias.com\/index.php\/wp-json\/wp\/v2\/media?parent=22468"}],"wp:term":[{"taxonomy":"category","embeddable":true,"href":"https:\/\/cdnoticias.com\/index.php\/wp-json\/wp\/v2\/categories?post=22468"},{"taxonomy":"post_tag","embeddable":true,"href":"https:\/\/cdnoticias.com\/index.php\/wp-json\/wp\/v2\/tags?post=22468"}],"curies":[{"name":"wp","href":"https:\/\/api.w.org\/{rel}","templated":true}]}}