{"id":22445,"date":"2021-05-26T19:35:30","date_gmt":"2021-05-26T22:35:30","guid":{"rendered":"http:\/\/www.centraldenoticias.com.ar\/?p=22445"},"modified":"2021-05-26T19:35:30","modified_gmt":"2021-05-26T22:35:30","slug":"salvador-alberto-peredo-q-e-p-d","status":"publish","type":"post","link":"https:\/\/cdnoticias.com\/index.php\/2021\/05\/26\/salvador-alberto-peredo-q-e-p-d\/","title":{"rendered":"Salvador Alberto Peredo (Q.E.P.D.)"},"content":{"rendered":"<p>Falleci\u00f3 en Olavarr\u00eda el d\u00eda 26 de Mayo de 2021 a los 92 a\u00f1os de edad. Sus hijos Maria Elena, Alberto y Maria Flora Peredo. Sus hijos pol\u00edticos Carmen Carabajal y Juan Eyherart. Sus nietos Nahuel, Antonella, Ayel\u00e9n, Mait\u00e9n y Yamile. Sus nietos pol\u00edticos. Sus bisnietos y dem\u00e1s deudos participan su fallecimiento.<\/p>\n<p>&nbsp;<\/p>\n<p>Sus restos ser\u00e1n velados este jueves desde las 8.30 en la sala velatoria de Espa\u00f1a 2942, departamento &#8220;D&#8221;, y ser\u00e1n inhumados desde las 10.30 en el Cementerio de General La Madrid. Servicio adherido a Coopelectric.<\/p>\n<p>&nbsp;<\/p>\n<p>Nacido en Huanguel\u00e9n. \u00a0Vecino de Barrio Independencia. Jubilado Rural.<\/p>\n<p>&nbsp;<\/p>\n","protected":false},"excerpt":{"rendered":"<p>Falleci\u00f3 en Olavarr\u00eda el d\u00eda 26 de Mayo de 2021 a los 92 a\u00f1os de edad. Sus hijos Maria Elena,<\/p>\n","protected":false},"author":3,"featured_media":0,"comment_status":"closed","ping_status":"closed","sticky":false,"template":"","format":"standard","meta":{"_jetpack_memberships_contains_paid_content":false,"footnotes":""},"categories":[10],"tags":[],"class_list":["post-22445","post","type-post","status-publish","format-standard","hentry","category-necrologicas"],"jetpack_featured_media_url":"","jetpack_sharing_enabled":true,"_links":{"self":[{"href":"https:\/\/cdnoticias.com\/index.php\/wp-json\/wp\/v2\/posts\/22445","targetHints":{"allow":["GET"]}}],"collection":[{"href":"https:\/\/cdnoticias.com\/index.php\/wp-json\/wp\/v2\/posts"}],"about":[{"href":"https:\/\/cdnoticias.com\/index.php\/wp-json\/wp\/v2\/types\/post"}],"author":[{"embeddable":true,"href":"https:\/\/cdnoticias.com\/index.php\/wp-json\/wp\/v2\/users\/3"}],"replies":[{"embeddable":true,"href":"https:\/\/cdnoticias.com\/index.php\/wp-json\/wp\/v2\/comments?post=22445"}],"version-history":[{"count":0,"href":"https:\/\/cdnoticias.com\/index.php\/wp-json\/wp\/v2\/posts\/22445\/revisions"}],"wp:attachment":[{"href":"https:\/\/cdnoticias.com\/index.php\/wp-json\/wp\/v2\/media?parent=22445"}],"wp:term":[{"taxonomy":"category","embeddable":true,"href":"https:\/\/cdnoticias.com\/index.php\/wp-json\/wp\/v2\/categories?post=22445"},{"taxonomy":"post_tag","embeddable":true,"href":"https:\/\/cdnoticias.com\/index.php\/wp-json\/wp\/v2\/tags?post=22445"}],"curies":[{"name":"wp","href":"https:\/\/api.w.org\/{rel}","templated":true}]}}