{"id":22438,"date":"2021-05-26T19:12:44","date_gmt":"2021-05-26T22:12:44","guid":{"rendered":"http:\/\/www.centraldenoticias.com.ar\/?p=22438"},"modified":"2021-05-27T08:45:51","modified_gmt":"2021-05-27T11:45:51","slug":"corte-de-ruta-esto-se-destraba-con-una-solucion-politica-o-con-una-orden-de-desalojo","status":"publish","type":"post","link":"https:\/\/cdnoticias.com\/index.php\/2021\/05\/26\/corte-de-ruta-esto-se-destraba-con-una-solucion-politica-o-con-una-orden-de-desalojo\/","title":{"rendered":"Corte de ruta: \u201cEsto se destraba con una soluci\u00f3n pol\u00edtica o con una orden de desalojo\u201d"},"content":{"rendered":"<p>As\u00ed fue enfatizado por Griselda Altamirano, referente de la agrupaci\u00f3n que lleva adelante las medidas en distintas rutas nacionales del centro bonaerense.<!--more--><\/p>\n<hr \/>\n<p><strong>\u201cNuestros compa\u00f1eros no est\u00e1n ac\u00e1 porque les gusta, est\u00e1n empujados por la necesidad\u201d<\/strong>, enfatiz\u00f3 Griselda Altamirano en di\u00e1logo con <em><strong>Central de Noticias<\/strong><\/em>, en el marco de <a href=\"https:\/\/cdnoticias.com\/index.php\/2021\/05\/26\/manifestantes-realizan-un-corte-de-la-ruta-226-por-tiempo-indeterminado\/\" target=\"_blank\" rel=\"noopener\">corte de ruta que a\u00fan persiste sobre la Ruta Nacional 226<\/a>. Se trata de una de las referentes regionales de la Corriente 1\u00b0 de Mayo, la agrupaci\u00f3n nacional que tiene como m\u00e1ximo exponente a Carlos \u201cEl Perro\u201d Santill\u00e1n, secretario general del Sindicato de Empleados y Obreros Municipales de Jujuy.<\/p>\n<p>&nbsp;<\/p>\n<p>En la ma\u00f1ana de este mi\u00e9rcoles se puso en marcha una medida de fuerza que tuvo como escenario distintos tramos de las rutas nacionales 3 y 226, en los partidos de Azul, Tandil, Mar del Plata y Olavarr\u00eda. <strong>En nuestra ciudad todo tiene como sede la rotonda ubicada a la altura de la ex avenida Circunvalaci\u00f3n (Eva Per\u00f3n), frente al acceso a la planta de Cerro Negro<\/strong>. \u201cPara la reconstrucci\u00f3n y la liberaci\u00f3n nacionales, luchar por el aparato productivo y la dignidad del trabajo\u201d, son algunas de las consignas de las protestas que tienen como \u00fanico destinatario al gobierno nacional.<\/p>\n<p>&nbsp;<\/p>\n<p><img data-recalc-dims=\"1\" loading=\"lazy\" decoding=\"async\" class=\"alignnone size-large wp-image-22439\" src=\"https:\/\/i0.wp.com\/cdnoticias.com\/wp-content\/uploads\/2021\/05\/WhatsApp-Image-2021-05-26-at-17.55.13.jpeg?resize=800%2C450&#038;ssl=1\" alt=\"\" width=\"800\" height=\"450\" srcset=\"https:\/\/i0.wp.com\/cdnoticias.com\/wp-content\/uploads\/2021\/05\/WhatsApp-Image-2021-05-26-at-17.55.13.jpeg?resize=1024%2C576&amp;ssl=1 1024w, https:\/\/i0.wp.com\/cdnoticias.com\/wp-content\/uploads\/2021\/05\/WhatsApp-Image-2021-05-26-at-17.55.13.jpeg?resize=300%2C169&amp;ssl=1 300w, https:\/\/i0.wp.com\/cdnoticias.com\/wp-content\/uploads\/2021\/05\/WhatsApp-Image-2021-05-26-at-17.55.13.jpeg?resize=768%2C432&amp;ssl=1 768w, https:\/\/i0.wp.com\/cdnoticias.com\/wp-content\/uploads\/2021\/05\/WhatsApp-Image-2021-05-26-at-17.55.13.jpeg?w=1280&amp;ssl=1 1280w\" sizes=\"auto, (max-width: 800px) 100vw, 800px\" \/><\/p>\n<p>&nbsp;<\/p>\n<p>\u201cNosotros no hemos tenido hasta ahora ninguna comunicaci\u00f3n con el gobierno\u201d, expres\u00f3 Altamirano, quien agreg\u00f3 que en todos los cortes se realizaron asambleas a las 16.30 y de manera un\u00e1nime<strong> \u201cse resolvi\u00f3 la continuidad de la medida de fuerza\u201d<\/strong>. \u201cResponsabilizamos al gobierno nacional por no intentar el di\u00e1logo\u201d, enfatiz\u00f3.<\/p>\n<p>&nbsp;<\/p>\n<p>En esa misma l\u00ednea se dirigieron fuertes cr\u00edticas hacia el Ejecutivo Nacional. <strong>\u201cSolo quiere la alternativa asistencial, el subsidio<\/strong>, no la cuesti\u00f3n productiva que es lo que estamos planteando\u201d, subray\u00f3. <strong>\u201cEsto se destraba con una soluci\u00f3n pol\u00edtica o con una orden de desalojo\u201d<\/strong>, complet\u00f3.<\/p>\n<p>&nbsp;<\/p>\n<p><img data-recalc-dims=\"1\" loading=\"lazy\" decoding=\"async\" class=\"alignnone size-large wp-image-22407\" src=\"https:\/\/i0.wp.com\/cdnoticias.com\/wp-content\/uploads\/2021\/05\/corte-ruta-226-cdn2.jpg?resize=800%2C450&#038;ssl=1\" alt=\"\" width=\"800\" height=\"450\" srcset=\"https:\/\/i0.wp.com\/cdnoticias.com\/wp-content\/uploads\/2021\/05\/corte-ruta-226-cdn2.jpg?resize=1024%2C576&amp;ssl=1 1024w, https:\/\/i0.wp.com\/cdnoticias.com\/wp-content\/uploads\/2021\/05\/corte-ruta-226-cdn2.jpg?resize=300%2C169&amp;ssl=1 300w, https:\/\/i0.wp.com\/cdnoticias.com\/wp-content\/uploads\/2021\/05\/corte-ruta-226-cdn2.jpg?resize=768%2C432&amp;ssl=1 768w, https:\/\/i0.wp.com\/cdnoticias.com\/wp-content\/uploads\/2021\/05\/corte-ruta-226-cdn2.jpg?w=1280&amp;ssl=1 1280w\" sizes=\"auto, (max-width: 800px) 100vw, 800px\" \/><\/p>\n<p>&nbsp;<\/p>\n<p>A la par, puntualiz\u00f3 que \u201cno nos van a correr con los prejuicios, con ning\u00fan tipo de apriete\u201d, \u201cquieren que la clase trabajadora est\u00e9 contra nosotros\u201d, continu\u00f3. Asimismo, resalt\u00f3 que \u201clas conquistas son a trav\u00e9s de la lucha\u201d y que habr\u00e1 que ver <strong>\u201ccu\u00e1l ser\u00e1 el costo pol\u00edtico que est\u00e1n dispuestos a asumir, si no van a desalojar a los palos como lo hac\u00eda Macri o se van a querer diferenciar\u201d<\/strong>.<\/p>\n<p>&nbsp;<\/p>\n<p>Citando la lucha de Santill\u00e1n en el norte del pa\u00eds y la que ellos vienen realizando por estas latitudes, utiliz\u00f3 la palabra \u201ccoherencia\u201d para dar cuenta que desde ese espacio se ha luchado \u201cdurante todos los gobiernos\u201d. <strong>\u201cNo vamos a aceptar que le echen las culpas al pueblo por las malas decisiones que tomo el gobierno\u201d, concluy\u00f3.<\/strong><\/p>\n","protected":false},"excerpt":{"rendered":"<p>As\u00ed fue enfatizado por Griselda Altamirano, referente de la agrupaci\u00f3n que lleva adelante las medidas en distintas rutas nacionales del<\/p>\n","protected":false},"author":3,"featured_media":22440,"comment_status":"closed","ping_status":"closed","sticky":false,"template":"","format":"standard","meta":{"_jetpack_memberships_contains_paid_content":false,"footnotes":""},"categories":[5,1],"tags":[],"class_list":["post-22438","post","type-post","status-publish","format-standard","has-post-thumbnail","hentry","category-informacion-general","category-portada"],"jetpack_featured_media_url":"https:\/\/i0.wp.com\/cdnoticias.com\/wp-content\/uploads\/2021\/05\/WhatsApp-Image-2021-05-26-at-17.55.14-e1622067152727.jpeg?fit=1029%2C570&ssl=1","jetpack_sharing_enabled":true,"_links":{"self":[{"href":"https:\/\/cdnoticias.com\/index.php\/wp-json\/wp\/v2\/posts\/22438","targetHints":{"allow":["GET"]}}],"collection":[{"href":"https:\/\/cdnoticias.com\/index.php\/wp-json\/wp\/v2\/posts"}],"about":[{"href":"https:\/\/cdnoticias.com\/index.php\/wp-json\/wp\/v2\/types\/post"}],"author":[{"embeddable":true,"href":"https:\/\/cdnoticias.com\/index.php\/wp-json\/wp\/v2\/users\/3"}],"replies":[{"embeddable":true,"href":"https:\/\/cdnoticias.com\/index.php\/wp-json\/wp\/v2\/comments?post=22438"}],"version-history":[{"count":0,"href":"https:\/\/cdnoticias.com\/index.php\/wp-json\/wp\/v2\/posts\/22438\/revisions"}],"wp:featuredmedia":[{"embeddable":true,"href":"https:\/\/cdnoticias.com\/index.php\/wp-json\/wp\/v2\/media\/22440"}],"wp:attachment":[{"href":"https:\/\/cdnoticias.com\/index.php\/wp-json\/wp\/v2\/media?parent=22438"}],"wp:term":[{"taxonomy":"category","embeddable":true,"href":"https:\/\/cdnoticias.com\/index.php\/wp-json\/wp\/v2\/categories?post=22438"},{"taxonomy":"post_tag","embeddable":true,"href":"https:\/\/cdnoticias.com\/index.php\/wp-json\/wp\/v2\/tags?post=22438"}],"curies":[{"name":"wp","href":"https:\/\/api.w.org\/{rel}","templated":true}]}}