{"id":22434,"date":"2021-05-26T17:14:30","date_gmt":"2021-05-26T20:14:30","guid":{"rendered":"http:\/\/www.centraldenoticias.com.ar\/?p=22434"},"modified":"2021-05-26T17:22:40","modified_gmt":"2021-05-26T20:22:40","slug":"murieron-dos-pacientes-con-covid19-y-ya-son-266-las-muertes-por-la-pandemia","status":"publish","type":"post","link":"https:\/\/cdnoticias.com\/index.php\/2021\/05\/26\/murieron-dos-pacientes-con-covid19-y-ya-son-266-las-muertes-por-la-pandemia\/","title":{"rendered":"Murieron dos pacientes con Covid19 y ya son 266 las muertes por la pandemia"},"content":{"rendered":"<p>Se trat\u00f3 de dos hombres, de 70 y 72 a\u00f1os, ambos est\u00e1n internados en el Hospital Municipal.<!--more--><\/p>\n<hr \/>\n<p>En la jornada de este mi\u00e9rcoles Olavarr\u00eda registr\u00f3 \u00edndices preocupantes, ya que no s\u00f3lo<a href=\"https:\/\/cdnoticias.com\/index.php\/2021\/05\/26\/con-casi-50-de-positividad-olavarria-volvio-a-registrar-mas-de-100-casos-positivos\/\" target=\"_blank\" rel=\"noopener\"> volvi\u00f3 a detectar m\u00e1s de 100 positivos en 24 horas, sino que cerca del 50% de los testeos realizados fueron positivos.<\/a> A la par, se tuvo que lamentar la <strong>muerte de otros dos pacientes.<\/strong><\/p>\n<p>&nbsp;<\/p>\n<blockquote><p>Mayo ya es el segundo mes con m\u00e1s muerte de toda la pandemia, con 45 decesos. El pasado mes de abril, con 84, es el mes con m\u00e1s fallecimientos.<\/p><\/blockquote>\n<p>&nbsp;<\/p>\n<p>De acuerdo con lo que se precis\u00f3, se trat\u00f3 de <strong>dos pacientes de sexo masculino de 70 y 72 a\u00f1os que estaban internados en el Hospital Municipal \u201cDr. H\u00e9ctor Cura\u201d.<\/strong><\/p>\n","protected":false},"excerpt":{"rendered":"<p>Se trat\u00f3 de dos hombres, de 70 y 72 a\u00f1os, ambos est\u00e1n internados en el Hospital Municipal.<\/p>\n","protected":false},"author":3,"featured_media":21522,"comment_status":"closed","ping_status":"closed","sticky":false,"template":"","format":"standard","meta":{"_jetpack_memberships_contains_paid_content":false,"footnotes":""},"categories":[16,1],"tags":[],"class_list":["post-22434","post","type-post","status-publish","format-standard","has-post-thumbnail","hentry","category-covid-19","category-portada"],"jetpack_featured_media_url":"https:\/\/i0.wp.com\/cdnoticias.com\/wp-content\/uploads\/2021\/05\/hospital-respiradores4.jpg?fit=800%2C445&ssl=1","jetpack_sharing_enabled":true,"_links":{"self":[{"href":"https:\/\/cdnoticias.com\/index.php\/wp-json\/wp\/v2\/posts\/22434","targetHints":{"allow":["GET"]}}],"collection":[{"href":"https:\/\/cdnoticias.com\/index.php\/wp-json\/wp\/v2\/posts"}],"about":[{"href":"https:\/\/cdnoticias.com\/index.php\/wp-json\/wp\/v2\/types\/post"}],"author":[{"embeddable":true,"href":"https:\/\/cdnoticias.com\/index.php\/wp-json\/wp\/v2\/users\/3"}],"replies":[{"embeddable":true,"href":"https:\/\/cdnoticias.com\/index.php\/wp-json\/wp\/v2\/comments?post=22434"}],"version-history":[{"count":0,"href":"https:\/\/cdnoticias.com\/index.php\/wp-json\/wp\/v2\/posts\/22434\/revisions"}],"wp:featuredmedia":[{"embeddable":true,"href":"https:\/\/cdnoticias.com\/index.php\/wp-json\/wp\/v2\/media\/21522"}],"wp:attachment":[{"href":"https:\/\/cdnoticias.com\/index.php\/wp-json\/wp\/v2\/media?parent=22434"}],"wp:term":[{"taxonomy":"category","embeddable":true,"href":"https:\/\/cdnoticias.com\/index.php\/wp-json\/wp\/v2\/categories?post=22434"},{"taxonomy":"post_tag","embeddable":true,"href":"https:\/\/cdnoticias.com\/index.php\/wp-json\/wp\/v2\/tags?post=22434"}],"curies":[{"name":"wp","href":"https:\/\/api.w.org\/{rel}","templated":true}]}}