{"id":22380,"date":"2021-05-26T11:06:14","date_gmt":"2021-05-26T14:06:14","guid":{"rendered":"http:\/\/www.centraldenoticias.com.ar\/?p=22380"},"modified":"2021-05-26T11:07:05","modified_gmt":"2021-05-26T14:07:05","slug":"covid-la-letalidad-cayo-en-la-provincia-de-buenos-aires","status":"publish","type":"post","link":"https:\/\/cdnoticias.com\/index.php\/2021\/05\/26\/covid-la-letalidad-cayo-en-la-provincia-de-buenos-aires\/","title":{"rendered":"Covid: la letalidad cay\u00f3 en la provincia de Buenos Aires"},"content":{"rendered":"<p>Baj\u00f3 a 1,1% y las autoridades lo atribuyen a la vacunaci\u00f3n. El viceministro de Salud, Nicol\u00e1s Kreplak, dijo que reci\u00e9n para el pr\u00f3ximo fin de semana se ver\u00e1n los resultados de las nuevas medidas.<!--more--><\/p>\n<hr \/>\n<p><strong>El viceministro de Salud bonaerense, Nicol\u00e1s Kreplak, dijo este mi\u00e9rcoles que la eficacia de la vacuna contra el coronavirus se refleja en la tasa de letalidad, que baj\u00f3 al 1,1% en la provincia<\/strong>, y advirti\u00f3 que reci\u00e9n para el pr\u00f3ximo fin de semana se ver\u00e1 el resultado de las \u00faltimas medidas de restricci\u00f3n aplicadas ante el aumento de casos.<\/p>\n<p>&nbsp;<\/p>\n<p>\u201cComparativamente con d\u00edas de la semana anteriores hay menos casos, pero era esperable. (La curva) ven\u00eda subiendo mucho, <strong>esperar\u00edamos para evaluar la eficacia de las medidas tomadas<\/strong>\u201d, dijo el viceministro en declaraciones a radio Urbana Play.<\/p>\n<p>&nbsp;<\/p>\n<p>En ese marco, el funcionario agreg\u00f3 que <strong>\u201creci\u00e9n durante el fin de semana (pr\u00f3ximo) se ver\u00eda el efecto de las medidas\u201d<\/strong> de restricci\u00f3n aplicadas por el Gobierno nacional y que all\u00ed se evaluar\u00e1 si se fren\u00f3 la velocidad de circulaci\u00f3n del virus.<\/p>\n<p>&nbsp;<\/p>\n<p><img data-recalc-dims=\"1\" loading=\"lazy\" decoding=\"async\" class=\"size-full wp-image-12188 aligncenter\" src=\"https:\/\/i0.wp.com\/cdnoticias.com\/wp-content\/uploads\/2021\/01\/DIB-Kreplak-696x392.jpg?resize=696%2C392&#038;ssl=1\" alt=\"\" width=\"696\" height=\"392\" srcset=\"https:\/\/i0.wp.com\/cdnoticias.com\/wp-content\/uploads\/2021\/01\/DIB-Kreplak-696x392.jpg?resize=696%2C392&amp;ssl=1 696w, https:\/\/i0.wp.com\/cdnoticias.com\/wp-content\/uploads\/2021\/01\/DIB-Kreplak-696x392.jpg?resize=300%2C169&amp;ssl=1 300w\" sizes=\"auto, (max-width: 696px) 100vw, 696px\" \/><\/p>\n<p>&nbsp;<\/p>\n<p>Al ser consultado sobre la campa\u00f1a de vacunaci\u00f3n, el sanitarista dijo que el reflejo se ve en la baja registrada en la tasa de letalidad.<\/p>\n<p>&nbsp;<\/p>\n<blockquote><p>\u201cTenemos una letalidad en este momento que est\u00e1 cerca de 1,1%, hace unos meses era de 1,7% y en octubre del a\u00f1o pasado era 3,5. Estamos viendo c\u00f3mo cae fuertemente la letalidad, se ve mucho en los mayores de 60 pero tambi\u00e9n empieza a achatarse en los mayores de 50, y eso porque estamos con el 50% de esa poblaci\u00f3n ya vacunada en la provincia\u201d, apunt\u00f3.<\/p><\/blockquote>\n<p>&nbsp;<\/p>\n<p>Sobre la aplicaci\u00f3n de la segunda dosis, mencion\u00f3 que de acuerdo a estudios que realiz\u00f3 la provincia, <strong>\u201ccon una dosis hay una eficacia de cerca del 90%\u201d<\/strong>.<\/p>\n<p>&nbsp;<\/p>\n<p><img data-recalc-dims=\"1\" loading=\"lazy\" decoding=\"async\" class=\"size-full wp-image-17146 aligncenter\" src=\"https:\/\/i0.wp.com\/cdnoticias.com\/wp-content\/uploads\/2021\/03\/DIB-Nicolas-Kreplak-672x420.jpg?resize=672%2C420&#038;ssl=1\" alt=\"\" width=\"672\" height=\"420\" srcset=\"https:\/\/i0.wp.com\/cdnoticias.com\/wp-content\/uploads\/2021\/03\/DIB-Nicolas-Kreplak-672x420.jpg?resize=672%2C420&amp;ssl=1 672w, https:\/\/i0.wp.com\/cdnoticias.com\/wp-content\/uploads\/2021\/03\/DIB-Nicolas-Kreplak-672x420.jpg?resize=300%2C188&amp;ssl=1 300w\" sizes=\"auto, (max-width: 672px) 100vw, 672px\" \/><\/p>\n<p>&nbsp;<\/p>\n<p>En ese sentido, dijo que<strong> toda la poblaci\u00f3n recibir\u00e1 las dos dosis, pero que \u201cel tema es ver en qu\u00e9 orden\u201d<\/strong>; si se le da primero a los que no la tienen y con eso se logra bajar m\u00e1s la letalidad, o si se aplica \u201cpara completar el esquema al que ya lo recibi\u00f3\u201d.<\/p>\n<p>&nbsp;<\/p>\n<p>Explic\u00f3 que en la provincia se est\u00e1 dando <strong>turnos para mayores de 60 a\u00f1os y m\u00e1s de 40 con comorbilidades<\/strong> y convoc\u00f3 a personas <strong>embarazadas<\/strong> para que puedan aplic\u00e1rsela.\u00a0<em>\u201cEstamos vacunando a las personas gestantes, les pedimos que se inscriban porque hay muy baja tasa de inscripci\u00f3n, las embarazadas tiene m\u00e1s riesgo de contagio de Covid\u201d<\/em>, dijo el viceministro en la misma l\u00ednea en declaraciones a Radio 10.<\/p>\n<p>&nbsp;<\/p>\n<blockquote><p>Agreg\u00f3 que la provincia aumentar\u00e1 \u201cpara el fin de semana el ritmo de la vacunaci\u00f3n\u201d ante la llegada de vacunas, tras recordar que el r\u00e9cord fue de 105 mil vacunados diarios, y que \u201ces claramente superable\u201d.<\/p><\/blockquote>\n<p>&nbsp;<\/p>\n<p>Fuente:<em> Agencia DIB<\/em><\/p>\n","protected":false},"excerpt":{"rendered":"<p>Baj\u00f3 a 1,1% y las autoridades lo atribuyen a la vacunaci\u00f3n. El viceministro de Salud, Nicol\u00e1s Kreplak, dijo que reci\u00e9n<\/p>\n","protected":false},"author":4,"featured_media":15266,"comment_status":"closed","ping_status":"closed","sticky":false,"template":"","format":"standard","meta":{"_jetpack_memberships_contains_paid_content":false,"footnotes":""},"categories":[6,1],"tags":[],"class_list":["post-22380","post","type-post","status-publish","format-standard","has-post-thumbnail","hentry","category-nacionales","category-portada"],"jetpack_featured_media_url":"https:\/\/i0.wp.com\/cdnoticias.com\/wp-content\/uploads\/2021\/03\/terapia-intensiva-3-696x465.jpg?fit=696%2C465&ssl=1","jetpack_sharing_enabled":true,"_links":{"self":[{"href":"https:\/\/cdnoticias.com\/index.php\/wp-json\/wp\/v2\/posts\/22380","targetHints":{"allow":["GET"]}}],"collection":[{"href":"https:\/\/cdnoticias.com\/index.php\/wp-json\/wp\/v2\/posts"}],"about":[{"href":"https:\/\/cdnoticias.com\/index.php\/wp-json\/wp\/v2\/types\/post"}],"author":[{"embeddable":true,"href":"https:\/\/cdnoticias.com\/index.php\/wp-json\/wp\/v2\/users\/4"}],"replies":[{"embeddable":true,"href":"https:\/\/cdnoticias.com\/index.php\/wp-json\/wp\/v2\/comments?post=22380"}],"version-history":[{"count":0,"href":"https:\/\/cdnoticias.com\/index.php\/wp-json\/wp\/v2\/posts\/22380\/revisions"}],"wp:featuredmedia":[{"embeddable":true,"href":"https:\/\/cdnoticias.com\/index.php\/wp-json\/wp\/v2\/media\/15266"}],"wp:attachment":[{"href":"https:\/\/cdnoticias.com\/index.php\/wp-json\/wp\/v2\/media?parent=22380"}],"wp:term":[{"taxonomy":"category","embeddable":true,"href":"https:\/\/cdnoticias.com\/index.php\/wp-json\/wp\/v2\/categories?post=22380"},{"taxonomy":"post_tag","embeddable":true,"href":"https:\/\/cdnoticias.com\/index.php\/wp-json\/wp\/v2\/tags?post=22380"}],"curies":[{"name":"wp","href":"https:\/\/api.w.org\/{rel}","templated":true}]}}