{"id":22361,"date":"2021-05-26T08:12:38","date_gmt":"2021-05-26T11:12:38","guid":{"rendered":"http:\/\/www.centraldenoticias.com.ar\/?p=22361"},"modified":"2021-05-26T10:00:30","modified_gmt":"2021-05-26T13:00:30","slug":"rendicion-de-cuentas-2020-el-expediente-quedo-en-la-comision-de-hacienda","status":"publish","type":"post","link":"https:\/\/cdnoticias.com\/index.php\/2021\/05\/26\/rendicion-de-cuentas-2020-el-expediente-quedo-en-la-comision-de-hacienda\/","title":{"rendered":"Rendici\u00f3n de Cuentas 2020: el expediente qued\u00f3 en la comisi\u00f3n de Hacienda"},"content":{"rendered":"<p class=\"western\">Este mi\u00e9rcoles deber\u00e1 definirse el orden del d\u00eda de la sesi\u00f3n ordinaria del jueves. \u00bfJuntos por el Cambio pedir\u00e1 una sesi\u00f3n especial?<!--more--><\/p>\n<hr \/>\n<p class=\"western\">La presidenta de la comisi\u00f3n de Hacienda, Celeste Arouxet (Radicales en Juntos por el Cambio), <a href=\"https:\/\/cdnoticias.com\/index.php\/2021\/05\/25\/ubaldo-garcia-en-un-ano-de-pandemia-ajustaron-por-600-millones\/\" target=\"_blank\" rel=\"noopener\">confirm\u00f3 el planteo que adelant\u00f3 Ubaldo Garc\u00eda (Frente de Todos)<\/a>:<strong> la Rendici\u00f3n de Cuentas 2020 sigue en estudio de la comisi\u00f3n<\/strong>.<\/p>\n<p>&nbsp;<\/p>\n<p class=\"western\">Ambos concejales centraron sus cr\u00edticas en la gesti\u00f3n municipal y del Concejo ante la<strong> imposibilidad de acceder al sistema RAFAM para verificar movimientos y documentaci\u00f3n<\/strong>.<\/p>\n<p>&nbsp;<\/p>\n<blockquote>\n<p class=\"western\">La comisi\u00f3n se reuni\u00f3 el lunes por la ma\u00f1ana, a pesar del feriado, y all\u00ed la oposici\u00f3n redact\u00f3 un despacho con distintos pedidos: \u201cque se respondan las preguntas incompletas, que se habilite el RAFAM, y que se nos responda la nota donde solicitamos vista de expedientes y de contratos\u201d inform\u00f3 Arouxet.<\/p>\n<\/blockquote>\n<p>&nbsp;<\/p>\n<p><img data-recalc-dims=\"1\" loading=\"lazy\" decoding=\"async\" class=\"aligncenter wp-image-15930\" src=\"https:\/\/i0.wp.com\/cdnoticias.com\/wp-content\/uploads\/2021\/03\/HCDsesion06.jpg?resize=500%2C278&#038;ssl=1\" alt=\"\" width=\"500\" height=\"278\" srcset=\"https:\/\/i0.wp.com\/cdnoticias.com\/wp-content\/uploads\/2021\/03\/HCDsesion06.jpg?w=800&amp;ssl=1 800w, https:\/\/i0.wp.com\/cdnoticias.com\/wp-content\/uploads\/2021\/03\/HCDsesion06.jpg?resize=300%2C167&amp;ssl=1 300w, https:\/\/i0.wp.com\/cdnoticias.com\/wp-content\/uploads\/2021\/03\/HCDsesion06.jpg?resize=768%2C427&amp;ssl=1 768w\" sizes=\"auto, (max-width: 500px) 100vw, 500px\" \/><\/p>\n<p>&nbsp;<\/p>\n<p class=\"western\"><strong>El lunes vence el plazo para que el Concejo Deliberante debata la Rendici\u00f3n de Cuentas en una sesi\u00f3n<\/strong>.<\/p>\n<p>&nbsp;<\/p>\n<p class=\"western\"><strong>Las definiciones podr\u00edan conocerse tras la reuni\u00f3n de la comisi\u00f3n de Labor Parlamentaria<\/strong> de este mi\u00e9rcoles cerca del mediod\u00eda: all\u00ed se elaborar\u00e1 el orden del d\u00eda para la sesi\u00f3n ordinaria del jueves y <strong>no se descarta que el oficialismo pida incluir el tema<\/strong>.<\/p>\n<p>&nbsp;<\/p>\n<blockquote>\n<p class=\"western\">En tanto, trascendi\u00f3 hace unos d\u00edas que Juntos por el Cambio tambi\u00e9n analiza solicitar una sesi\u00f3n especial para tratar exclusivamente la Rendici\u00f3n.<\/p>\n<\/blockquote>\n<p>&nbsp;<\/p>\n<p class=\"western\">Para este mecanismo <strong>necesita siete firmas de concejales<\/strong>, las cuales cuenta en su mismo bloque, con lo que no tendr\u00eda dificultad para llevar el expediente al recinto a pesar de los reparos de la oposici\u00f3n.<\/p>\n","protected":false},"excerpt":{"rendered":"<p>Este mi\u00e9rcoles deber\u00e1 definirse el orden del d\u00eda de la sesi\u00f3n ordinaria del jueves. \u00bfJuntos por el Cambio pedir\u00e1 una<\/p>\n","protected":false},"author":4,"featured_media":22363,"comment_status":"closed","ping_status":"closed","sticky":false,"template":"","format":"standard","meta":{"_jetpack_memberships_contains_paid_content":false,"footnotes":""},"categories":[4,1],"tags":[],"class_list":["post-22361","post","type-post","status-publish","format-standard","has-post-thumbnail","hentry","category-politica","category-portada"],"jetpack_featured_media_url":"https:\/\/i0.wp.com\/cdnoticias.com\/wp-content\/uploads\/2021\/05\/HCD-cenizo-labor00.jpg?fit=800%2C446&ssl=1","jetpack_sharing_enabled":true,"_links":{"self":[{"href":"https:\/\/cdnoticias.com\/index.php\/wp-json\/wp\/v2\/posts\/22361","targetHints":{"allow":["GET"]}}],"collection":[{"href":"https:\/\/cdnoticias.com\/index.php\/wp-json\/wp\/v2\/posts"}],"about":[{"href":"https:\/\/cdnoticias.com\/index.php\/wp-json\/wp\/v2\/types\/post"}],"author":[{"embeddable":true,"href":"https:\/\/cdnoticias.com\/index.php\/wp-json\/wp\/v2\/users\/4"}],"replies":[{"embeddable":true,"href":"https:\/\/cdnoticias.com\/index.php\/wp-json\/wp\/v2\/comments?post=22361"}],"version-history":[{"count":0,"href":"https:\/\/cdnoticias.com\/index.php\/wp-json\/wp\/v2\/posts\/22361\/revisions"}],"wp:featuredmedia":[{"embeddable":true,"href":"https:\/\/cdnoticias.com\/index.php\/wp-json\/wp\/v2\/media\/22363"}],"wp:attachment":[{"href":"https:\/\/cdnoticias.com\/index.php\/wp-json\/wp\/v2\/media?parent=22361"}],"wp:term":[{"taxonomy":"category","embeddable":true,"href":"https:\/\/cdnoticias.com\/index.php\/wp-json\/wp\/v2\/categories?post=22361"},{"taxonomy":"post_tag","embeddable":true,"href":"https:\/\/cdnoticias.com\/index.php\/wp-json\/wp\/v2\/tags?post=22361"}],"curies":[{"name":"wp","href":"https:\/\/api.w.org\/{rel}","templated":true}]}}