{"id":22344,"date":"2021-05-25T17:09:18","date_gmt":"2021-05-25T20:09:18","guid":{"rendered":"http:\/\/www.centraldenoticias.com.ar\/?p=22344"},"modified":"2021-05-25T17:09:18","modified_gmt":"2021-05-25T20:09:18","slug":"valicenti-ninguna-consecuencia-buena-puede-tener-el-discurso-del-odio","status":"publish","type":"post","link":"https:\/\/cdnoticias.com\/index.php\/2021\/05\/25\/valicenti-ninguna-consecuencia-buena-puede-tener-el-discurso-del-odio\/","title":{"rendered":"Valicenti: \u201cNinguna consecuencia buena puede tener el discurso del odio\u201d"},"content":{"rendered":"<p>El Diputado Provincial olavarriense utiliz\u00f3 sus redes sociales para repudiar el ataque que registr\u00f3 en las \u00faltimas horas un local del Frente de Todos en Bah\u00eda Blanca.<!--more--><\/p>\n<hr \/>\n<p>En la jornada de este martes <a href=\"https:\/\/cdnoticias.com\/index.php\/2021\/05\/25\/explosion-en-un-local-del-frente-de-todos-en-bahia-blanca\/\" target=\"_blank\" rel=\"noopener\">un local partidario del Frente de Todos en Bah\u00eda Blanca fue violentamente atacado<\/a>, en un preocupante episodio que r\u00e1pidamente replic\u00f3 en todo el pa\u00eds, cosechando<strong> numerosas proclamaciones de repudio desde diversos sectores.<\/strong><\/p>\n<p>&nbsp;<\/p>\n<p>Nuestra ciudad no fue la excepci\u00f3n y fue m\u00e1s precisamente el diputado provincial olavarriense por ese mismo espacio, <strong>C\u00e9sar Valicenti<\/strong>, quien se manifest\u00f3 a trav\u00e9s de sus redes sociales. <strong>\u201cNinguna consecuencia buena puede tener el discurso del odio\u201d, inici\u00f3 su escrito en Facebook. \u201cNi la inducci\u00f3n a la indignaci\u00f3n colectiva y la bronca dirigida\u201d, complet\u00f3.<\/strong><\/p>\n<p>&nbsp;<\/p>\n<p><iframe loading=\"lazy\" style=\"border: none; overflow: hidden;\" src=\"https:\/\/www.facebook.com\/plugins\/post.php?href=https%3A%2F%2Fwww.facebook.com%2Fcvalicenti%2Fposts%2F10219559575763076&amp;show_text=true&amp;width=500\" width=\"500\" height=\"771\" frameborder=\"0\" scrolling=\"no\" allowfullscreen=\"allowfullscreen\"><\/iframe><\/p>\n<p>&nbsp;<\/p>\n<p><strong>\u201cOperan sobre una sociedad frustrada, desgastada, que viene soportando 4 a\u00f1os de saqueo y mentiras, m\u00e1s 2 a\u00f1os de pandemia\u201d<\/strong>, agreg\u00f3 el legislador en una publicaci\u00f3n que no demor\u00f3 demasiado en cosechar tambi\u00e9n diversas r\u00e9plicas y comentarios.<\/p>\n<p>&nbsp;<\/p>\n<p><strong>\u201cRepudiemos con todas nuestras fuerzas cualquier acto de violencia, c\u00f3mo el ocurrido hoy en Bah\u00eda Blanca. Fuerza a los Compa\u00f1eros y Compa\u00f1eras de aquel distrito\u201d<\/strong>, concluy\u00f3.<\/p>\n","protected":false},"excerpt":{"rendered":"<p>El Diputado Provincial olavarriense utiliz\u00f3 sus redes sociales para repudiar el ataque que registr\u00f3 en las \u00faltimas horas un local<\/p>\n","protected":false},"author":3,"featured_media":8884,"comment_status":"closed","ping_status":"closed","sticky":false,"template":"","format":"standard","meta":{"_jetpack_memberships_contains_paid_content":false,"footnotes":""},"categories":[4,1],"tags":[],"class_list":["post-22344","post","type-post","status-publish","format-standard","has-post-thumbnail","hentry","category-politica","category-portada"],"jetpack_featured_media_url":"https:\/\/i0.wp.com\/cdnoticias.com\/wp-content\/uploads\/2020\/12\/1.jpeg?fit=1280%2C853&ssl=1","jetpack_sharing_enabled":true,"_links":{"self":[{"href":"https:\/\/cdnoticias.com\/index.php\/wp-json\/wp\/v2\/posts\/22344","targetHints":{"allow":["GET"]}}],"collection":[{"href":"https:\/\/cdnoticias.com\/index.php\/wp-json\/wp\/v2\/posts"}],"about":[{"href":"https:\/\/cdnoticias.com\/index.php\/wp-json\/wp\/v2\/types\/post"}],"author":[{"embeddable":true,"href":"https:\/\/cdnoticias.com\/index.php\/wp-json\/wp\/v2\/users\/3"}],"replies":[{"embeddable":true,"href":"https:\/\/cdnoticias.com\/index.php\/wp-json\/wp\/v2\/comments?post=22344"}],"version-history":[{"count":0,"href":"https:\/\/cdnoticias.com\/index.php\/wp-json\/wp\/v2\/posts\/22344\/revisions"}],"wp:featuredmedia":[{"embeddable":true,"href":"https:\/\/cdnoticias.com\/index.php\/wp-json\/wp\/v2\/media\/8884"}],"wp:attachment":[{"href":"https:\/\/cdnoticias.com\/index.php\/wp-json\/wp\/v2\/media?parent=22344"}],"wp:term":[{"taxonomy":"category","embeddable":true,"href":"https:\/\/cdnoticias.com\/index.php\/wp-json\/wp\/v2\/categories?post=22344"},{"taxonomy":"post_tag","embeddable":true,"href":"https:\/\/cdnoticias.com\/index.php\/wp-json\/wp\/v2\/tags?post=22344"}],"curies":[{"name":"wp","href":"https:\/\/api.w.org\/{rel}","templated":true}]}}