{"id":22342,"date":"2021-05-25T16:52:17","date_gmt":"2021-05-25T19:52:17","guid":{"rendered":"http:\/\/www.centraldenoticias.com.ar\/?p=22342"},"modified":"2021-05-25T16:52:17","modified_gmt":"2021-05-25T19:52:17","slug":"convocan-a-medicos-para-trabajar-en-carceles-de-la-provincia-buenos-aires","status":"publish","type":"post","link":"https:\/\/cdnoticias.com\/index.php\/2021\/05\/25\/convocan-a-medicos-para-trabajar-en-carceles-de-la-provincia-buenos-aires\/","title":{"rendered":"Convocan a m\u00e9dicos para trabajar en c\u00e1rceles de la Provincia Buenos Aires"},"content":{"rendered":"<p>El llamado es realizado desde el Servicio Penitenciario Bonaerense para cubrir vacantes en 12 distritos, entre ellos Olavarr\u00eda.<!--more--><\/p>\n<hr \/>\n<p>La Direcci\u00f3n Provincial de Salud Penitenciaria, dependiente del Ministerio de Justicia y Derechos Humanos de la provincia de Buenos Aires, abri\u00f3 una nueva<strong> inscripci\u00f3n para m\u00e9dicos con el objetivo de cubrir vacantes en establecimientos carcelarios de 12 distritos bonaerenses.<\/strong><\/p>\n<p>&nbsp;<\/p>\n<p>La convocatoria p\u00fablica es un llamado a m\u00e9dicos para trabajar en <strong>dependencias penitenciarias de Azul, Campana, Ituzaing\u00f3, Jun\u00edn, Florencio Varela, General San Mart\u00edn, La Matanza, Magdalena, Mar del Plata, Olavarr\u00eda y San Nicol\u00e1s.<\/strong><\/p>\n<p>&nbsp;<\/p>\n<p><img data-recalc-dims=\"1\" loading=\"lazy\" decoding=\"async\" class=\"alignnone size-large wp-image-15326\" src=\"https:\/\/i0.wp.com\/cdnoticias.com\/wp-content\/uploads\/2021\/03\/U2-La-Unidad-N%C2%BA2-de-Sierra-Chica-cumple-139-a%C3%B1os-Marzo-2021-2-1024x683.jpg?resize=800%2C534&#038;ssl=1\" alt=\"\" width=\"800\" height=\"534\" srcset=\"https:\/\/i0.wp.com\/cdnoticias.com\/wp-content\/uploads\/2021\/03\/U2-La-Unidad-N%C2%BA2-de-Sierra-Chica-cumple-139-a%C3%B1os-Marzo-2021-2.jpg?resize=1024%2C683&amp;ssl=1 1024w, https:\/\/i0.wp.com\/cdnoticias.com\/wp-content\/uploads\/2021\/03\/U2-La-Unidad-N%C2%BA2-de-Sierra-Chica-cumple-139-a%C3%B1os-Marzo-2021-2.jpg?resize=300%2C200&amp;ssl=1 300w, https:\/\/i0.wp.com\/cdnoticias.com\/wp-content\/uploads\/2021\/03\/U2-La-Unidad-N%C2%BA2-de-Sierra-Chica-cumple-139-a%C3%B1os-Marzo-2021-2.jpg?resize=768%2C512&amp;ssl=1 768w, https:\/\/i0.wp.com\/cdnoticias.com\/wp-content\/uploads\/2021\/03\/U2-La-Unidad-N%C2%BA2-de-Sierra-Chica-cumple-139-a%C3%B1os-Marzo-2021-2.jpg?resize=272%2C182&amp;ssl=1 272w, https:\/\/i0.wp.com\/cdnoticias.com\/wp-content\/uploads\/2021\/03\/U2-La-Unidad-N%C2%BA2-de-Sierra-Chica-cumple-139-a%C3%B1os-Marzo-2021-2.jpg?w=1600&amp;ssl=1 1600w, https:\/\/i0.wp.com\/cdnoticias.com\/wp-content\/uploads\/2021\/03\/U2-La-Unidad-N%C2%BA2-de-Sierra-Chica-cumple-139-a%C3%B1os-Marzo-2021-2.jpg?w=2400&amp;ssl=1 2400w\" sizes=\"auto, (max-width: 800px) 100vw, 800px\" \/><\/p>\n<p>&nbsp;<\/p>\n<p>Los <strong>requisitos<\/strong> son tener el t\u00edtulo habilitante, ser argentino nativo o naturalizado, encontrarse con domicilio real en las ciudades de la convocatoria, acreditar buena salud f\u00edsica y ps\u00edquica, no contar con antecedentes penales ni haber sido exonerado ni haber quedado cesante de la Administraci\u00f3n P\u00fablica Nacional, Provincial o Municipal.<\/p>\n<p>&nbsp;<\/p>\n<p><strong>El per\u00edodo de inscripci\u00f3n arrancar\u00e1 el pr\u00f3ximo mi\u00e9rcoles 26 de mayo<\/strong>. Se trata de una convocatoria virtual lanzada por el Ministerio de Justicia y Derechos Humanos de la provincia de Buenos Aires, por lo que los interesados deber\u00e1n inscribirse a trav\u00e9s del sitio web\u00a0<a href=\"http:\/\/www.spb.gba.gov.ar\" target=\"_blank\" rel=\"noopener\">www.spb.gba.gov.a<\/a>r.<\/p>\n","protected":false},"excerpt":{"rendered":"<p>El llamado es realizado desde el Servicio Penitenciario Bonaerense para cubrir vacantes en 12 distritos, entre ellos Olavarr\u00eda.<\/p>\n","protected":false},"author":3,"featured_media":852,"comment_status":"closed","ping_status":"closed","sticky":false,"template":"","format":"standard","meta":{"_jetpack_memberships_contains_paid_content":false,"footnotes":""},"categories":[5,1],"tags":[],"class_list":["post-22342","post","type-post","status-publish","format-standard","has-post-thumbnail","hentry","category-informacion-general","category-portada"],"jetpack_featured_media_url":"https:\/\/i0.wp.com\/cdnoticias.com\/wp-content\/uploads\/2020\/09\/sierra-chica.jpg?fit=1920%2C1082&ssl=1","jetpack_sharing_enabled":true,"_links":{"self":[{"href":"https:\/\/cdnoticias.com\/index.php\/wp-json\/wp\/v2\/posts\/22342","targetHints":{"allow":["GET"]}}],"collection":[{"href":"https:\/\/cdnoticias.com\/index.php\/wp-json\/wp\/v2\/posts"}],"about":[{"href":"https:\/\/cdnoticias.com\/index.php\/wp-json\/wp\/v2\/types\/post"}],"author":[{"embeddable":true,"href":"https:\/\/cdnoticias.com\/index.php\/wp-json\/wp\/v2\/users\/3"}],"replies":[{"embeddable":true,"href":"https:\/\/cdnoticias.com\/index.php\/wp-json\/wp\/v2\/comments?post=22342"}],"version-history":[{"count":0,"href":"https:\/\/cdnoticias.com\/index.php\/wp-json\/wp\/v2\/posts\/22342\/revisions"}],"wp:featuredmedia":[{"embeddable":true,"href":"https:\/\/cdnoticias.com\/index.php\/wp-json\/wp\/v2\/media\/852"}],"wp:attachment":[{"href":"https:\/\/cdnoticias.com\/index.php\/wp-json\/wp\/v2\/media?parent=22342"}],"wp:term":[{"taxonomy":"category","embeddable":true,"href":"https:\/\/cdnoticias.com\/index.php\/wp-json\/wp\/v2\/categories?post=22342"},{"taxonomy":"post_tag","embeddable":true,"href":"https:\/\/cdnoticias.com\/index.php\/wp-json\/wp\/v2\/tags?post=22342"}],"curies":[{"name":"wp","href":"https:\/\/api.w.org\/{rel}","templated":true}]}}