{"id":22331,"date":"2021-05-25T16:00:00","date_gmt":"2021-05-25T19:00:00","guid":{"rendered":"http:\/\/www.centraldenoticias.com.ar\/?p=22331"},"modified":"2021-05-25T16:56:16","modified_gmt":"2021-05-25T19:56:16","slug":"cepeac-1-todos-hacemos-falta-en-esta-revolucion","status":"publish","type":"post","link":"https:\/\/cdnoticias.com\/index.php\/2021\/05\/25\/cepeac-1-todos-hacemos-falta-en-esta-revolucion\/","title":{"rendered":"CePEAC 1: \u201cTodos hacemos falta en esta revoluci\u00f3n\u201d"},"content":{"rendered":"<p>Desde el Centro de Producci\u00f3n en Educaci\u00f3n Art\u00edstico y Cultural de Olavarr\u00eda se comparti\u00f3 un video con motivo de la Revoluci\u00f3n de Mayo.<!--more--><\/p>\n<hr \/>\n<p>En la jornada de este martes fueron numerosos y variados los actos y gestos alusivos c<strong>on motivo de la conmemoraci\u00f3n de la Revoluci\u00f3n de Mayo de 1810.<\/strong><\/p>\n<p>&nbsp;<\/p>\n<div class=\"jetpack-video-wrapper\"><iframe loading=\"lazy\" width=\"800\" height=\"450\" src=\"https:\/\/www.youtube.com\/embed\/cZcFZwVSbAQ?feature=oembed\" frameborder=\"0\" allow=\"accelerometer; autoplay; clipboard-write; encrypted-media; gyroscope; picture-in-picture\" allowfullscreen><\/iframe><\/div>\n<p>&nbsp;<\/p>\n<p>En ese marco, desde el CePEAC n\u00b01, el Centro de Producci\u00f3n en Educaci\u00f3n, Art\u00edstico y Cultural de Olavarr\u00eda se comparti\u00f3<strong> un video \u201cen conmemoraci\u00f3n a este d\u00eda patrio\u201d<\/strong>, seg\u00fan se narr\u00f3. El objetivo, \u201csensibilizar con estas\u00a0im\u00e1genes\u00a0y sonidos a toda la comunidad de Olavarr\u00eda y la zona\u201d.<\/p>\n","protected":false},"excerpt":{"rendered":"<p>Desde el Centro de Producci\u00f3n en Educaci\u00f3n Art\u00edstico y Cultural de Olavarr\u00eda se comparti\u00f3 un video con motivo de la<\/p>\n","protected":false},"author":3,"featured_media":22341,"comment_status":"closed","ping_status":"closed","sticky":false,"template":"","format":"standard","meta":{"_jetpack_memberships_contains_paid_content":false,"footnotes":""},"categories":[5],"tags":[],"class_list":["post-22331","post","type-post","status-publish","format-standard","has-post-thumbnail","hentry","category-informacion-general"],"jetpack_featured_media_url":"https:\/\/i0.wp.com\/cdnoticias.com\/wp-content\/uploads\/2021\/05\/cepeac.jpg?fit=800%2C445&ssl=1","jetpack_sharing_enabled":true,"_links":{"self":[{"href":"https:\/\/cdnoticias.com\/index.php\/wp-json\/wp\/v2\/posts\/22331","targetHints":{"allow":["GET"]}}],"collection":[{"href":"https:\/\/cdnoticias.com\/index.php\/wp-json\/wp\/v2\/posts"}],"about":[{"href":"https:\/\/cdnoticias.com\/index.php\/wp-json\/wp\/v2\/types\/post"}],"author":[{"embeddable":true,"href":"https:\/\/cdnoticias.com\/index.php\/wp-json\/wp\/v2\/users\/3"}],"replies":[{"embeddable":true,"href":"https:\/\/cdnoticias.com\/index.php\/wp-json\/wp\/v2\/comments?post=22331"}],"version-history":[{"count":0,"href":"https:\/\/cdnoticias.com\/index.php\/wp-json\/wp\/v2\/posts\/22331\/revisions"}],"wp:featuredmedia":[{"embeddable":true,"href":"https:\/\/cdnoticias.com\/index.php\/wp-json\/wp\/v2\/media\/22341"}],"wp:attachment":[{"href":"https:\/\/cdnoticias.com\/index.php\/wp-json\/wp\/v2\/media?parent=22331"}],"wp:term":[{"taxonomy":"category","embeddable":true,"href":"https:\/\/cdnoticias.com\/index.php\/wp-json\/wp\/v2\/categories?post=22331"},{"taxonomy":"post_tag","embeddable":true,"href":"https:\/\/cdnoticias.com\/index.php\/wp-json\/wp\/v2\/tags?post=22331"}],"curies":[{"name":"wp","href":"https:\/\/api.w.org\/{rel}","templated":true}]}}