{"id":22313,"date":"2021-05-25T13:25:31","date_gmt":"2021-05-25T16:25:31","guid":{"rendered":"http:\/\/www.centraldenoticias.com.ar\/?p=22313"},"modified":"2021-05-25T13:25:31","modified_gmt":"2021-05-25T16:25:31","slug":"miguel-adolfo-rocha-q-e-p-d","status":"publish","type":"post","link":"https:\/\/cdnoticias.com\/index.php\/2021\/05\/25\/miguel-adolfo-rocha-q-e-p-d\/","title":{"rendered":"Miguel Adolfo Rocha (Q.E.P.D.)"},"content":{"rendered":"<p>Falleci\u00f3 en Olavarr\u00eda el d\u00eda 25 de Mayo de 2021 a los 58 a\u00f1os de edad. Su esposa Rosana, su hermana Alicia, sus hijos Daniela, Rodolfo, Leonardo, Micaela, Marianela y Candela; Sus hijos pol\u00edticos Cristian, Ezequiel, Maira, Nata y Franco; Sus nietos Sof\u00eda, Ian, Nehem\u00edas y dem\u00e1s deudos participan su fallecimiento.<\/p>\n<p>Sin velatorio. Inhumaci\u00f3n: Cementerio Loma de Paz, mi\u00e9rcoles 26 a las 9:30. Servicio adherido a Coopelectric.<\/p>\n<p>Lugar de nacimiento: Olavarr\u00eda<\/p>\n<p>Actividad que desarrollaba: Jubilado<\/p>\n","protected":false},"excerpt":{"rendered":"<p>Falleci\u00f3 en Olavarr\u00eda el d\u00eda 25 de Mayo de 2021 a los 58 a\u00f1os de edad. Su esposa Rosana, su<\/p>\n","protected":false},"author":4,"featured_media":0,"comment_status":"closed","ping_status":"closed","sticky":false,"template":"","format":"standard","meta":{"_jetpack_memberships_contains_paid_content":false,"footnotes":""},"categories":[10],"tags":[],"class_list":["post-22313","post","type-post","status-publish","format-standard","hentry","category-necrologicas"],"jetpack_featured_media_url":"","jetpack_sharing_enabled":true,"_links":{"self":[{"href":"https:\/\/cdnoticias.com\/index.php\/wp-json\/wp\/v2\/posts\/22313","targetHints":{"allow":["GET"]}}],"collection":[{"href":"https:\/\/cdnoticias.com\/index.php\/wp-json\/wp\/v2\/posts"}],"about":[{"href":"https:\/\/cdnoticias.com\/index.php\/wp-json\/wp\/v2\/types\/post"}],"author":[{"embeddable":true,"href":"https:\/\/cdnoticias.com\/index.php\/wp-json\/wp\/v2\/users\/4"}],"replies":[{"embeddable":true,"href":"https:\/\/cdnoticias.com\/index.php\/wp-json\/wp\/v2\/comments?post=22313"}],"version-history":[{"count":0,"href":"https:\/\/cdnoticias.com\/index.php\/wp-json\/wp\/v2\/posts\/22313\/revisions"}],"wp:attachment":[{"href":"https:\/\/cdnoticias.com\/index.php\/wp-json\/wp\/v2\/media?parent=22313"}],"wp:term":[{"taxonomy":"category","embeddable":true,"href":"https:\/\/cdnoticias.com\/index.php\/wp-json\/wp\/v2\/categories?post=22313"},{"taxonomy":"post_tag","embeddable":true,"href":"https:\/\/cdnoticias.com\/index.php\/wp-json\/wp\/v2\/tags?post=22313"}],"curies":[{"name":"wp","href":"https:\/\/api.w.org\/{rel}","templated":true}]}}