{"id":22300,"date":"2021-05-25T11:38:32","date_gmt":"2021-05-25T14:38:32","guid":{"rendered":"http:\/\/www.centraldenoticias.com.ar\/?p=22300"},"modified":"2021-05-25T11:38:32","modified_gmt":"2021-05-25T14:38:32","slug":"en-la-mitad-del-pais-hay-90-de-ocupacion-en-las-terapias-intensivas","status":"publish","type":"post","link":"https:\/\/cdnoticias.com\/index.php\/2021\/05\/25\/en-la-mitad-del-pais-hay-90-de-ocupacion-en-las-terapias-intensivas\/","title":{"rendered":"En la mitad del pa\u00eds hay 90% de ocupaci\u00f3n en las terapias intensivas"},"content":{"rendered":"<p>Lo advirti\u00f3 la Sociedad Argentina de Terapia Intensiva. Chubut, La Pampa, Mendoza y San Juan, las m\u00e1s complicadas. En el 60% de los hospitales del AMBA ya no hay camas.<!--more--><\/p>\n<hr \/>\n<p><strong>En medio de la segunda ola de coronavirus que castiga con fuerza a la Argentina, en la mitad del pa\u00eds la ocupaci\u00f3n de las terapias intensivas est\u00e1 en un 90% o niveles superiores<\/strong>, y los pacientes con Covid-19 representan el 58% del total de internados en el pa\u00eds, llegando al 70% en el \u00c1rea Metropolitana.<\/p>\n<p>&nbsp;<\/p>\n<p>Adem\u00e1s, de acuerdo a un<strong> informe de la Sociedad Argentina de Terapia Intensiva (SATI)<\/strong>, se detect\u00f3 que en casi el 60% de los centros de salud de la Ciudad de Buenos Aires y el conurbano no hay camas disponibles. El relevamiento fue realizado por la entidad el viernes 21, aunque se conoci\u00f3 este martes.<\/p>\n<p>&nbsp;<\/p>\n<p><strong>La muestra realizada tom\u00f3 datos de 186 unidades de terapia intensiva (UTIs) de hospitales p\u00fablicos y privados<\/strong> de todo el pa\u00eds, con un total de 3.598 camas. El promedio de ocupaci\u00f3n detectado fue del 90%.<\/p>\n<p>&nbsp;<\/p>\n<blockquote><p>Los peores registros se encontraron en los centros de salud de Chubut, La Pampa, Mendoza y San Juan, que \u201cmanifestaron tener una ocupaci\u00f3n superior al 95%\u201d, detall\u00f3 el informe.<\/p><\/blockquote>\n<p>&nbsp;<\/p>\n<p>En tanto, <strong>en la Ciudad de Buenos Aires y en las provincias de Buenos Aires y Santa Fe fue mayor al 90%<\/strong>. C\u00f3rdoba, Corrientes, La Rioja, Santiago del Estero y Tucum\u00e1n \u201cestuvieron alrededor del 90%\u201d. Dentro del AMBA fueron relevadas 51 UTIs, lo que representa 1.227 camas, y se registr\u00f3 una tasa de ocupaci\u00f3n promedio del 93%.<\/p>\n<p>&nbsp;<\/p>\n<blockquote class=\"twitter-tweet\">\n<p dir=\"ltr\" lang=\"es\">Les compartimos la ultima actualizacion.<br \/>\nPueden descargar el informe completo de nuestra web:<a href=\"https:\/\/t.co\/0RdjviFcNG\">https:\/\/t.co\/0RdjviFcNG<\/a><a href=\"https:\/\/twitter.com\/hashtag\/camasUTIArgentina?src=hash&amp;ref_src=twsrc%5Etfw\">#camasUTIArgentina<\/a> <a href=\"https:\/\/twitter.com\/hashtag\/sati?src=hash&amp;ref_src=twsrc%5Etfw\">#sati<\/a> <a href=\"https:\/\/twitter.com\/hashtag\/covid19ar?src=hash&amp;ref_src=twsrc%5Etfw\">#covid19ar<\/a><br \/>\nOcupacion de camas de UTI Argentina 21 de mayo 2021 by @SocargTI <a href=\"https:\/\/twitter.com\/hashtag\/covid19argentina?src=hash&amp;ref_src=twsrc%5Etfw\">#covid19argentina<\/a> <a href=\"https:\/\/twitter.com\/hashtag\/sati?src=hash&amp;ref_src=twsrc%5Etfw\">#sati<\/a> <a href=\"https:\/\/t.co\/rbkETiAO9d\">https:\/\/t.co\/rbkETiAO9d<\/a> &#8211; <a href=\"https:\/\/twitter.com\/SlideShare?ref_src=twsrc%5Etfw\">@SlideShare<\/a><\/p>\n<p>\u2014 SATI (@SATIarg) <a href=\"https:\/\/twitter.com\/SATIarg\/status\/1396645250970619904?ref_src=twsrc%5Etfw\">May 24, 2021<\/a><\/p><\/blockquote>\n<p><script async src=\"https:\/\/platform.twitter.com\/widgets.js\" charset=\"utf-8\"><\/script><br \/>\n<strong>Los pacientes con covid-19 representan all\u00ed el 70% del total, con un uso de ventilaci\u00f3n mec\u00e1nica del 83%<\/strong>. Otro dato preocupante es que 6 de cada 10 instituciones respondi\u00f3 que no ten\u00eda ninguna cama disponible.<\/p>\n<p>&nbsp;<\/p>\n<blockquote><p>La presidenta de la SATI, Rosa Reina, calific\u00f3 como \u201cdram\u00e1tica la situaci\u00f3n\u201d y se\u00f1al\u00f3 que hubo \u201cun incremento de casi 4% de ocupaci\u00f3n de camas en la \u00faltima semana, 524 camas m\u00e1s ocupadas en n\u00famero absoluto\u201d, seg\u00fan datos oficiales.<\/p><\/blockquote>\n<p>&nbsp;<\/p>\n<p>\u201c<strong>Cada vez hay menos UTIs con ocupaci\u00f3n menor al 70%<\/strong>, cada vez hay m\u00e1s UTIs que est\u00e1n entre el 80 y 100% de ocupaci\u00f3n, con Covid siendo entre el 58 al 60%\u201d, precis\u00f3 en di\u00e1logo con la agencia estatal T\u00e9lam.<\/p>\n<p>&nbsp;<\/p>\n<p>Un nuevo dato que aporta este estudio en relaci\u00f3n a los anteriores es que <strong>el 1,4% de los pacientes internados en UTI son personas que reingresaron al hospital desde sus domicilios por secuelas de Covid-19<\/strong>. \u201cUn 36% de pacientes est\u00e1n con un respirador fuera de una UTI\u201d, agreg\u00f3.<\/p>\n<p>&nbsp;<\/p>\n<p><strong>En los \u00faltimos d\u00edas creci\u00f3 la cantidad de instituciones que habilitan \u201cel \u00faltimo adi\u00f3s\u201d<\/strong>; es decir, la posibilidad de que los pacientes terminales puedan ser despedido por sus seres queridos. Actualmente esto ocurre en el 90% de los centros de salud relevados, mientras que en estudios previos eran el 70%.<\/p>\n<p>&nbsp;<\/p>\n<p>Como es habitual, la SATI aclar\u00f3 en su comunicado que este estudio \u201ces s\u00f3lo una muestra\u201d y no contempla el total de las instituciones del pa\u00eds \u201cpor lo que no es prudente extraer conclusiones por encima de las estad\u00edsticas oficiales\u201d.<\/p>\n<p>&nbsp;<\/p>\n<p>Seg\u00fan el \u00faltimo <strong>informe del Ministerio de Salud<\/strong>, la ocupaci\u00f3n de las terapias intensivas -por toda patolog\u00eda- es del 73.9% a nivel nacional y del 76.2% en el AMBA. Actualmente hay 6.373 pacientes graves con covid-19 en camas cr\u00edticas, una cifra que representa un r\u00e9cord para toda la pandemia y que llega 17 d\u00edas de crecimiento ininterrumpido.<\/p>\n<p>&nbsp;<\/p>\n<p>Fuente: <em>Agencia DIB<\/em><\/p>\n","protected":false},"excerpt":{"rendered":"<p>Lo advirti\u00f3 la Sociedad Argentina de Terapia Intensiva. Chubut, La Pampa, Mendoza y San Juan, las m\u00e1s complicadas. En el<\/p>\n","protected":false},"author":4,"featured_media":2258,"comment_status":"closed","ping_status":"closed","sticky":false,"template":"","format":"standard","meta":{"_jetpack_memberships_contains_paid_content":false,"footnotes":""},"categories":[6,1],"tags":[],"class_list":["post-22300","post","type-post","status-publish","format-standard","has-post-thumbnail","hentry","category-nacionales","category-portada"],"jetpack_featured_media_url":"https:\/\/i0.wp.com\/cdnoticias.com\/wp-content\/uploads\/2020\/09\/terapia-intensiva-.jpeg?fit=696%2C392&ssl=1","jetpack_sharing_enabled":true,"_links":{"self":[{"href":"https:\/\/cdnoticias.com\/index.php\/wp-json\/wp\/v2\/posts\/22300","targetHints":{"allow":["GET"]}}],"collection":[{"href":"https:\/\/cdnoticias.com\/index.php\/wp-json\/wp\/v2\/posts"}],"about":[{"href":"https:\/\/cdnoticias.com\/index.php\/wp-json\/wp\/v2\/types\/post"}],"author":[{"embeddable":true,"href":"https:\/\/cdnoticias.com\/index.php\/wp-json\/wp\/v2\/users\/4"}],"replies":[{"embeddable":true,"href":"https:\/\/cdnoticias.com\/index.php\/wp-json\/wp\/v2\/comments?post=22300"}],"version-history":[{"count":0,"href":"https:\/\/cdnoticias.com\/index.php\/wp-json\/wp\/v2\/posts\/22300\/revisions"}],"wp:featuredmedia":[{"embeddable":true,"href":"https:\/\/cdnoticias.com\/index.php\/wp-json\/wp\/v2\/media\/2258"}],"wp:attachment":[{"href":"https:\/\/cdnoticias.com\/index.php\/wp-json\/wp\/v2\/media?parent=22300"}],"wp:term":[{"taxonomy":"category","embeddable":true,"href":"https:\/\/cdnoticias.com\/index.php\/wp-json\/wp\/v2\/categories?post=22300"},{"taxonomy":"post_tag","embeddable":true,"href":"https:\/\/cdnoticias.com\/index.php\/wp-json\/wp\/v2\/tags?post=22300"}],"curies":[{"name":"wp","href":"https:\/\/api.w.org\/{rel}","templated":true}]}}