{"id":2230,"date":"2020-09-23T09:29:32","date_gmt":"2020-09-23T12:29:32","guid":{"rendered":"http:\/\/www.centraldenoticias.com.ar\/?p=2230"},"modified":"2020-09-23T09:29:32","modified_gmt":"2020-09-23T12:29:32","slug":"es-evidente-que-hemos-tenido-un-aumento-de-la-pobreza","status":"publish","type":"post","link":"https:\/\/cdnoticias.com\/index.php\/2020\/09\/23\/es-evidente-que-hemos-tenido-un-aumento-de-la-pobreza\/","title":{"rendered":"\u201cEs evidente que hemos tenido un aumento de la pobreza\u201d"},"content":{"rendered":"<p><span style=\"color: #14171a;\"><span style=\"font-family: system-ui, apple-system, BlinkMacSystemFont, Segoe UI, Roboto, Ubuntu, Helvetica Neue, sans-serif;\"><span style=\"font-size: medium;\">El ministro de Desarrollo Social, Daniel Arroyo, se\u00f1al\u00f3 que hubo una profundizaci\u00f3n de la pobreza en pandemia y que de aqu\u00ed en m\u00e1s, la prioridad ser\u00e1 \u201crecuperar a los que, en el medio de la pandemia, se transformaron en sectores pobres y no lo eran\u201d.<\/span><\/span><\/span><!--more--><\/p>\n<hr \/>\n<p><span style=\"color: #14171a;\"><span style=\"font-family: system-ui, apple-system, BlinkMacSystemFont, Segoe UI, Roboto, Ubuntu, Helvetica Neue, sans-serif;\"><span style=\"font-size: medium;\">E<\/span><\/span><\/span><span style=\"color: #14171a;\"><span style=\"font-family: system-ui, apple-system, BlinkMacSystemFont, Segoe UI, Roboto, Ubuntu, Helvetica Neue, sans-serif;\"><span style=\"font-size: medium;\">n las v\u00edsperas de la presentaci\u00f3n de la <strong>evoluci\u00f3n de la pobreza en el primer semestre del a\u00f1o<\/strong>, el ministro de Desarrollo Social de la Naci\u00f3n, Daniel Arroyo, se\u00f1al\u00f3 que <em>\u201ce<\/em><\/span><\/span><\/span><em><span style=\"color: #14171a;\"><span style=\"font-family: system-ui, apple-system, BlinkMacSystemFont, Segoe UI, Roboto, Ubuntu, Helvetica Neue, sans-serif;\"><span style=\"font-size: medium;\">s evidente que hemos tenido un aumento de la pobreza\u201d.<\/span><\/span><\/span><\/em><\/p>\n<p><span style=\"color: #14171a;\"><span style=\"font-family: system-ui, apple-system, BlinkMacSystemFont, Segoe UI, Roboto, Ubuntu, Helvetica Neue, sans-serif;\"><span style=\"font-size: medium;\">S<\/span><\/span><\/span><span style=\"color: #14171a;\"><span style=\"font-family: system-ui, apple-system, BlinkMacSystemFont, Segoe UI, Roboto, Ubuntu, Helvetica Neue, sans-serif;\"><span style=\"font-size: medium;\">e\u00f1al\u00f3 que actualmente a los sectores que ya estaban bajo la l\u00ednea de la pobreza <em>\u201c<\/em><\/span><\/span><\/span><em><span style=\"color: #14171a;\"><span style=\"font-family: system-ui, apple-system, BlinkMacSystemFont, Segoe UI, Roboto, Ubuntu, Helvetica Neue, sans-serif;\"><span style=\"font-size: medium;\">se les sum\u00f3 a los que se le pararon las changas por la pandemia, y la gente que, con un trabajo formal, termin\u00f3 igual en un merendero porque no le alcanza\u201d.<\/span><\/span><\/span><\/em><\/p>\n<p><span style=\"color: #14171a;\"><span style=\"font-family: system-ui, apple-system, BlinkMacSystemFont, Segoe UI, Roboto, Ubuntu, Helvetica Neue, sans-serif;\"><span style=\"font-size: medium;\">Arroyo sostuvo que existen <strong><em>\u201ctres generaciones de pobreza estructural, es decir pobreza intergeneracional en una misma familia\u201d<\/em><\/strong>, por lo cual<em> \u201cel desaf\u00edo es doble: recuperar a los que han ca\u00eddo en la pandemia, pero tambi\u00e9n a los que ya ven\u00edan con esta situaci\u00f3n\u201d.<\/em> Por otra parte, analiz\u00f3 que, <strong><em>\u201csacando el tema del trabajo y el coronavirus, los otros dos problemas m\u00e1s grandes son el costo de los alimentos y el sobreendeudamiento de las familias\u201d.<\/em><\/strong><\/span><\/span><\/span><\/p>\n<blockquote><p>\n<span style=\"color: #14171a;\"><span style=\"font-family: system-ui, apple-system, BlinkMacSystemFont, Segoe UI, Roboto, Ubuntu, Helvetica Neue, sans-serif;\"><span style=\"font-size: medium;\">En ese marco, Arroyo manifest\u00f3 que \u201cla primer tarea es recuperar a los que en el medio de la pandemia se transformaron en sectores pobres y no lo eran\u201d.<\/span><\/span><\/span><\/p><\/blockquote>\n<p><span style=\"color: #14171a;\"><span style=\"font-family: system-ui, apple-system, BlinkMacSystemFont, Segoe UI, Roboto, Ubuntu, Helvetica Neue, sans-serif;\"><span style=\"font-size: medium;\">En tanto<strong>, Arroyo manifest\u00f3 que las prestaciones sociales como el IFE<em> \u201ctienen que estar asociadas al trabajo\u201d<\/em><\/strong> como con<em> \u201ccapacitarse en oficios y terminar la escuela\u201d<\/em>, y precis\u00f3 que <strong>el pago del IFE 4 \u201cse est\u00e1 estudiando\u201d. <\/strong><\/span><\/span><\/span><\/p>\n<p><span style=\"color: #14171a;\"><span style=\"font-family: system-ui, apple-system, BlinkMacSystemFont, Segoe UI, Roboto, Ubuntu, Helvetica Neue, sans-serif;\"><span style=\"font-size: medium;\">El ministro indic\u00f3 que hay <em>\u201c500 comedores donde antes de la pandemia analizamos la situaci\u00f3n nutricional\u201d<\/em> pero que tras la llegada del coronavirus al pa\u00eds <em>\u201cnos pusimos a contar personas\u201d. \u201cLa cantidad de asistentes aument\u00f3, pero baja un poco cuando se carga la tarjeta Alimentaria, y en algunos casos hubo un poquito m\u00e1s movimiento de changas de construcci\u00f3n y textil\u201d<\/em>, indic\u00f3 Arroyo.<\/span><\/span><\/span><\/p>\n","protected":false},"excerpt":{"rendered":"<p>El ministro de Desarrollo Social, Daniel Arroyo, se\u00f1al\u00f3 que hubo una profundizaci\u00f3n de la pobreza en pandemia y que de<\/p>\n","protected":false},"author":2,"featured_media":2232,"comment_status":"closed","ping_status":"closed","sticky":false,"template":"","format":"standard","meta":{"_jetpack_memberships_contains_paid_content":false,"footnotes":""},"categories":[6,1],"tags":[],"class_list":["post-2230","post","type-post","status-publish","format-standard","has-post-thumbnail","hentry","category-nacionales","category-portada"],"jetpack_featured_media_url":"https:\/\/i0.wp.com\/cdnoticias.com\/wp-content\/uploads\/2020\/09\/Daniel-Arroyo.jpg?fit=2013%2C1342&ssl=1","jetpack_sharing_enabled":true,"_links":{"self":[{"href":"https:\/\/cdnoticias.com\/index.php\/wp-json\/wp\/v2\/posts\/2230","targetHints":{"allow":["GET"]}}],"collection":[{"href":"https:\/\/cdnoticias.com\/index.php\/wp-json\/wp\/v2\/posts"}],"about":[{"href":"https:\/\/cdnoticias.com\/index.php\/wp-json\/wp\/v2\/types\/post"}],"author":[{"embeddable":true,"href":"https:\/\/cdnoticias.com\/index.php\/wp-json\/wp\/v2\/users\/2"}],"replies":[{"embeddable":true,"href":"https:\/\/cdnoticias.com\/index.php\/wp-json\/wp\/v2\/comments?post=2230"}],"version-history":[{"count":0,"href":"https:\/\/cdnoticias.com\/index.php\/wp-json\/wp\/v2\/posts\/2230\/revisions"}],"wp:featuredmedia":[{"embeddable":true,"href":"https:\/\/cdnoticias.com\/index.php\/wp-json\/wp\/v2\/media\/2232"}],"wp:attachment":[{"href":"https:\/\/cdnoticias.com\/index.php\/wp-json\/wp\/v2\/media?parent=2230"}],"wp:term":[{"taxonomy":"category","embeddable":true,"href":"https:\/\/cdnoticias.com\/index.php\/wp-json\/wp\/v2\/categories?post=2230"},{"taxonomy":"post_tag","embeddable":true,"href":"https:\/\/cdnoticias.com\/index.php\/wp-json\/wp\/v2\/tags?post=2230"}],"curies":[{"name":"wp","href":"https:\/\/api.w.org\/{rel}","templated":true}]}}