{"id":22285,"date":"2021-05-25T10:08:06","date_gmt":"2021-05-25T13:08:06","guid":{"rendered":"http:\/\/www.centraldenoticias.com.ar\/?p=22285"},"modified":"2021-05-25T11:48:03","modified_gmt":"2021-05-25T14:48:03","slug":"explosion-en-un-local-del-frente-de-todos-en-bahia-blanca","status":"publish","type":"post","link":"https:\/\/cdnoticias.com\/index.php\/2021\/05\/25\/explosion-en-un-local-del-frente-de-todos-en-bahia-blanca\/","title":{"rendered":"Explosi\u00f3n en un local del Frente de Todos en Bah\u00eda Blanca"},"content":{"rendered":"<p>Afect\u00f3 a varios comercios ubicados en las inmediaciones. Desde el frente definieron lo sucedido como \u201cviolencia pol\u00edtica\u201d y se presentaron a la justicia.<!--more--><\/p>\n<hr \/>\n<p><strong>Una explosi\u00f3n ocasion\u00f3 importantes da\u00f1os en un local partidario del Frente de Todos en la localidad de Bah\u00eda Blanca en la madrugada de este martes<\/strong>.<\/p>\n<p>&nbsp;<\/p>\n<p>Ocurri\u00f3 en la zona c\u00e9ntrica de la ciudad, en Berutti 184 esquina Donado, y <strong>afect\u00f3 a las instalaciones de comercios ubicados en las inmediaciones. No se registraron heridos<\/strong>.<\/p>\n<p><img data-recalc-dims=\"1\" loading=\"lazy\" decoding=\"async\" class=\"size-full wp-image-22289 aligncenter\" src=\"https:\/\/i0.wp.com\/cdnoticias.com\/wp-content\/uploads\/2021\/05\/Bahia-Blanca-LaNueva-explosion00.jpg?resize=647%2C360&#038;ssl=1\" alt=\"\" width=\"647\" height=\"360\" srcset=\"https:\/\/i0.wp.com\/cdnoticias.com\/wp-content\/uploads\/2021\/05\/Bahia-Blanca-LaNueva-explosion00.jpg?w=647&amp;ssl=1 647w, https:\/\/i0.wp.com\/cdnoticias.com\/wp-content\/uploads\/2021\/05\/Bahia-Blanca-LaNueva-explosion00.jpg?resize=300%2C167&amp;ssl=1 300w\" sizes=\"auto, (max-width: 647px) 100vw, 647px\" \/><\/p>\n<p>&nbsp;<\/p>\n<p>El edificio donde se registr\u00f3 la explosi\u00f3n se denomina \u201cAteneo N\u00e9stor Kirchner\u201d y es <strong>la principal sede partidaria del Frente de Todos en Bah\u00eda Blanca<\/strong>.<\/p>\n<p>&nbsp;<\/p>\n<p>Las primeras informaciones analizaban la <strong>hip\u00f3tesis de que la explosi\u00f3n hubiera sido causada por un artefacto<\/strong>. La onda expansiva fue de tal magnitud que rompi\u00f3 la ventana del local as\u00ed como la de comercios y viviendas cercanas.<\/p>\n<p>&nbsp;<\/p>\n<p><img data-recalc-dims=\"1\" loading=\"lazy\" decoding=\"async\" class=\"aligncenter wp-image-22288\" src=\"https:\/\/i0.wp.com\/cdnoticias.com\/wp-content\/uploads\/2021\/05\/Bahia-Blanca-Apepe-explosion01.jpg?resize=700%2C631&#038;ssl=1\" alt=\"\" width=\"700\" height=\"631\" srcset=\"https:\/\/i0.wp.com\/cdnoticias.com\/wp-content\/uploads\/2021\/05\/Bahia-Blanca-Apepe-explosion01.jpg?w=800&amp;ssl=1 800w, https:\/\/i0.wp.com\/cdnoticias.com\/wp-content\/uploads\/2021\/05\/Bahia-Blanca-Apepe-explosion01.jpg?resize=300%2C270&amp;ssl=1 300w, https:\/\/i0.wp.com\/cdnoticias.com\/wp-content\/uploads\/2021\/05\/Bahia-Blanca-Apepe-explosion01.jpg?resize=768%2C692&amp;ssl=1 768w\" sizes=\"auto, (max-width: 700px) 100vw, 700px\" \/><\/p>\n<p>&nbsp;<\/p>\n<p>Asimismo, se detall\u00f3 que cerca de la ventana que fue foco del estallido hab\u00eda artefactos que podr\u00edan haber provocado el siniestro. Inicialmente se sospech\u00f3 que podr\u00eda haberse tratado de un problema con el sistema de gas, pero los dos medidores del local se encontraban intactos.<\/p>\n<p>&nbsp;<\/p>\n<p>Adem\u00e1s, hallaron <strong>panfletos con mensajes violentos<\/strong> que robustecen la hip\u00f3tesis de un atentado de \u00edndole pol\u00edtico.<\/p>\n<p><img data-recalc-dims=\"1\" loading=\"lazy\" decoding=\"async\" class=\"aligncenter wp-image-22287\" src=\"https:\/\/i0.wp.com\/cdnoticias.com\/wp-content\/uploads\/2021\/05\/Bahia-Blanca-ElAgora-explosion.jpg?resize=400%2C574&#038;ssl=1\" alt=\"\" width=\"400\" height=\"574\" srcset=\"https:\/\/i0.wp.com\/cdnoticias.com\/wp-content\/uploads\/2021\/05\/Bahia-Blanca-ElAgora-explosion.jpg?w=675&amp;ssl=1 675w, https:\/\/i0.wp.com\/cdnoticias.com\/wp-content\/uploads\/2021\/05\/Bahia-Blanca-ElAgora-explosion.jpg?resize=209%2C300&amp;ssl=1 209w\" sizes=\"auto, (max-width: 400px) 100vw, 400px\" \/><\/p>\n<p>&nbsp;<\/p>\n<p>Desde <strong>el Frente de Todos bahiense, que conduce Federico Susbielles, se emiti\u00f3 un comunicado<\/strong> en el que expusieron \u201cla explosi\u00f3n\u201d que afect\u00f3 al edificio y agradecieron a \u201cBomberos, Defensa civil, Guardia Urbana, Comando de Patrulla, Polic\u00eda Ecol\u00f3gica y Divisi\u00f3n Explosivos por llegar inmediatamente y resguardar el lugar\u201d.<\/p>\n<p>&nbsp;<\/p>\n<blockquote><p>\u201cHemos dado intervenci\u00f3n a las autoridades judiciales para que desarrollen la instrucci\u00f3n correspondiente en la averiguaci\u00f3n de un posible il\u00edcito. Un hecho de estas caracter\u00edsticas es un acto de violencia pol\u00edtica, contrario a las instituciones y el esp\u00edritu que necesita nuestra sociedad para progresar\u201d sostuvieron.<\/p><\/blockquote>\n<p>&nbsp;<\/p>\n<p>Fuentes y fotos:<em> Apepe, La Nueva y El \u00c1gora<\/em><\/p>\n","protected":false},"excerpt":{"rendered":"<p>Afect\u00f3 a varios comercios ubicados en las inmediaciones. Desde el frente definieron lo sucedido como \u201cviolencia pol\u00edtica\u201d y se presentaron<\/p>\n","protected":false},"author":4,"featured_media":22286,"comment_status":"closed","ping_status":"closed","sticky":false,"template":"","format":"standard","meta":{"_jetpack_memberships_contains_paid_content":false,"footnotes":""},"categories":[6,1],"tags":[],"class_list":["post-22285","post","type-post","status-publish","format-standard","has-post-thumbnail","hentry","category-nacionales","category-portada"],"jetpack_featured_media_url":"https:\/\/i0.wp.com\/cdnoticias.com\/wp-content\/uploads\/2021\/05\/Bahia-Blanca-Apepe-explosion.jpg?fit=2048%2C1152&ssl=1","jetpack_sharing_enabled":true,"_links":{"self":[{"href":"https:\/\/cdnoticias.com\/index.php\/wp-json\/wp\/v2\/posts\/22285","targetHints":{"allow":["GET"]}}],"collection":[{"href":"https:\/\/cdnoticias.com\/index.php\/wp-json\/wp\/v2\/posts"}],"about":[{"href":"https:\/\/cdnoticias.com\/index.php\/wp-json\/wp\/v2\/types\/post"}],"author":[{"embeddable":true,"href":"https:\/\/cdnoticias.com\/index.php\/wp-json\/wp\/v2\/users\/4"}],"replies":[{"embeddable":true,"href":"https:\/\/cdnoticias.com\/index.php\/wp-json\/wp\/v2\/comments?post=22285"}],"version-history":[{"count":0,"href":"https:\/\/cdnoticias.com\/index.php\/wp-json\/wp\/v2\/posts\/22285\/revisions"}],"wp:featuredmedia":[{"embeddable":true,"href":"https:\/\/cdnoticias.com\/index.php\/wp-json\/wp\/v2\/media\/22286"}],"wp:attachment":[{"href":"https:\/\/cdnoticias.com\/index.php\/wp-json\/wp\/v2\/media?parent=22285"}],"wp:term":[{"taxonomy":"category","embeddable":true,"href":"https:\/\/cdnoticias.com\/index.php\/wp-json\/wp\/v2\/categories?post=22285"},{"taxonomy":"post_tag","embeddable":true,"href":"https:\/\/cdnoticias.com\/index.php\/wp-json\/wp\/v2\/tags?post=22285"}],"curies":[{"name":"wp","href":"https:\/\/api.w.org\/{rel}","templated":true}]}}