{"id":22283,"date":"2021-05-25T09:19:53","date_gmt":"2021-05-25T12:19:53","guid":{"rendered":"http:\/\/www.centraldenoticias.com.ar\/?p=22283"},"modified":"2021-05-25T09:19:53","modified_gmt":"2021-05-25T12:19:53","slug":"sara-blanca-espeluse-viuda-de-ortiz-sarita-q-e-p-d","status":"publish","type":"post","link":"https:\/\/cdnoticias.com\/index.php\/2021\/05\/25\/sara-blanca-espeluse-viuda-de-ortiz-sarita-q-e-p-d\/","title":{"rendered":"Sara Blanca Espeluse viuda de Ortiz \u201cSarita\u201d (Q.E.P.D.)"},"content":{"rendered":"<p>Falleci\u00f3 en Olavarr\u00eda el d\u00eda 25 de mayo de 2021 a los 93 a\u00f1os de edad. Sus hijos Jos\u00e9 Maria y Jorge Oscar Ortiz; sus hijas pol\u00edticas Patricia Kegreis y Graciana Derdoy; sus nietos Juan Pedro, Julia, Facundo, Mart\u00edn, Manuel y dem\u00e1s deudos participan su fallecimiento.<\/p>\n<p>Velatorio: Sala de Espa\u00f1a 2942 departamento &#8221;D&#8221; mi\u00e9rcoles 26 a las 8:30. Responso: Capilla ardiente. Inhumaci\u00f3n: Cementerio Loma de Paz, mi\u00e9rcoles 26 a las 10:30. Servicio adherido a Coopelectric.<\/p>\n<p>Barrio en el que viv\u00eda: Microcentro<\/p>\n<p>Actividad que desarrollaba: Jubilada<\/p>\n","protected":false},"excerpt":{"rendered":"<p>Falleci\u00f3 en Olavarr\u00eda el d\u00eda 25 de mayo de 2021 a los 93 a\u00f1os de edad. Sus hijos Jos\u00e9 Maria<\/p>\n","protected":false},"author":4,"featured_media":0,"comment_status":"closed","ping_status":"closed","sticky":false,"template":"","format":"standard","meta":{"_jetpack_memberships_contains_paid_content":false,"footnotes":""},"categories":[10],"tags":[],"class_list":["post-22283","post","type-post","status-publish","format-standard","hentry","category-necrologicas"],"jetpack_featured_media_url":"","jetpack_sharing_enabled":true,"_links":{"self":[{"href":"https:\/\/cdnoticias.com\/index.php\/wp-json\/wp\/v2\/posts\/22283","targetHints":{"allow":["GET"]}}],"collection":[{"href":"https:\/\/cdnoticias.com\/index.php\/wp-json\/wp\/v2\/posts"}],"about":[{"href":"https:\/\/cdnoticias.com\/index.php\/wp-json\/wp\/v2\/types\/post"}],"author":[{"embeddable":true,"href":"https:\/\/cdnoticias.com\/index.php\/wp-json\/wp\/v2\/users\/4"}],"replies":[{"embeddable":true,"href":"https:\/\/cdnoticias.com\/index.php\/wp-json\/wp\/v2\/comments?post=22283"}],"version-history":[{"count":0,"href":"https:\/\/cdnoticias.com\/index.php\/wp-json\/wp\/v2\/posts\/22283\/revisions"}],"wp:attachment":[{"href":"https:\/\/cdnoticias.com\/index.php\/wp-json\/wp\/v2\/media?parent=22283"}],"wp:term":[{"taxonomy":"category","embeddable":true,"href":"https:\/\/cdnoticias.com\/index.php\/wp-json\/wp\/v2\/categories?post=22283"},{"taxonomy":"post_tag","embeddable":true,"href":"https:\/\/cdnoticias.com\/index.php\/wp-json\/wp\/v2\/tags?post=22283"}],"curies":[{"name":"wp","href":"https:\/\/api.w.org\/{rel}","templated":true}]}}