{"id":22279,"date":"2021-05-24T19:19:22","date_gmt":"2021-05-24T22:19:22","guid":{"rendered":"http:\/\/www.centraldenoticias.com.ar\/?p=22279"},"modified":"2021-05-24T19:19:22","modified_gmt":"2021-05-24T22:19:22","slug":"confinamiento-por-covid-coopelectric-informo-como-sera-su-funcionamiento","status":"publish","type":"post","link":"https:\/\/cdnoticias.com\/index.php\/2021\/05\/24\/confinamiento-por-covid-coopelectric-informo-como-sera-su-funcionamiento\/","title":{"rendered":"Confinamiento por COVID: Coopelectric inform\u00f3 c\u00f3mo ser\u00e1 su funcionamiento"},"content":{"rendered":"<p>En su sede principal solo se atender\u00e1 a las personas que ya tienen turno asignado. Las sedes de las localidades estar\u00e1n cerradas.\u00a0<!--more--><\/p>\n<hr \/>\n<p>En una semana de confinamiento estricto por la pandemia, <strong>Coopelectric inform\u00f3 c\u00f3mo ser\u00e1 su funcionamiento tanto en su sede central como as\u00ed tambi\u00e9n la de las localidades.<\/strong><\/p>\n<p>&nbsp;<\/p>\n<blockquote><p>Los tres d\u00edas h\u00e1biles de esta semana, 26, 27 y 28 de mayo, la sede central ubicada en Belgrano N.\u00ba 2850 abrir\u00e1 en su horario habitual s\u00f3lo para atender a aquellos usuarios que cuentan con turno asignado para estos tres d\u00edas.<\/p><\/blockquote>\n<p>&nbsp;<\/p>\n<p>Un dato a tener en cuenta es que<strong> las cajas no estar\u00e1n habilitadas para el cobro de las facturas de electricidad y gas.<\/strong><\/p>\n<p>&nbsp;<\/p>\n<p><strong>En las localidades de Sierras Bayas e Hinojo las delegaciones permanecer\u00e1n cerradas<\/strong>; y en las \u00e1reas operativas de los Servicios El\u00e9ctrico y Sanitario funcionar\u00e1n las guardias con normalidad a los efectos de garantizar la prestaci\u00f3n de los mismos.<\/p>\n<p>&nbsp;<\/p>\n","protected":false},"excerpt":{"rendered":"<p>En su sede principal solo se atender\u00e1 a las personas que ya tienen turno asignado. Las sedes de las localidades<\/p>\n","protected":false},"author":2,"featured_media":453,"comment_status":"closed","ping_status":"closed","sticky":false,"template":"","format":"standard","meta":{"_jetpack_memberships_contains_paid_content":false,"footnotes":""},"categories":[16,1],"tags":[],"class_list":["post-22279","post","type-post","status-publish","format-standard","has-post-thumbnail","hentry","category-covid-19","category-portada"],"jetpack_featured_media_url":"https:\/\/i0.wp.com\/cdnoticias.com\/wp-content\/uploads\/2020\/09\/DSC_8512.jpg?fit=4608%2C3072&ssl=1","jetpack_sharing_enabled":true,"_links":{"self":[{"href":"https:\/\/cdnoticias.com\/index.php\/wp-json\/wp\/v2\/posts\/22279","targetHints":{"allow":["GET"]}}],"collection":[{"href":"https:\/\/cdnoticias.com\/index.php\/wp-json\/wp\/v2\/posts"}],"about":[{"href":"https:\/\/cdnoticias.com\/index.php\/wp-json\/wp\/v2\/types\/post"}],"author":[{"embeddable":true,"href":"https:\/\/cdnoticias.com\/index.php\/wp-json\/wp\/v2\/users\/2"}],"replies":[{"embeddable":true,"href":"https:\/\/cdnoticias.com\/index.php\/wp-json\/wp\/v2\/comments?post=22279"}],"version-history":[{"count":0,"href":"https:\/\/cdnoticias.com\/index.php\/wp-json\/wp\/v2\/posts\/22279\/revisions"}],"wp:featuredmedia":[{"embeddable":true,"href":"https:\/\/cdnoticias.com\/index.php\/wp-json\/wp\/v2\/media\/453"}],"wp:attachment":[{"href":"https:\/\/cdnoticias.com\/index.php\/wp-json\/wp\/v2\/media?parent=22279"}],"wp:term":[{"taxonomy":"category","embeddable":true,"href":"https:\/\/cdnoticias.com\/index.php\/wp-json\/wp\/v2\/categories?post=22279"},{"taxonomy":"post_tag","embeddable":true,"href":"https:\/\/cdnoticias.com\/index.php\/wp-json\/wp\/v2\/tags?post=22279"}],"curies":[{"name":"wp","href":"https:\/\/api.w.org\/{rel}","templated":true}]}}