{"id":22275,"date":"2021-05-24T18:56:08","date_gmt":"2021-05-24T21:56:08","guid":{"rendered":"http:\/\/www.centraldenoticias.com.ar\/?p=22275"},"modified":"2021-05-24T18:56:08","modified_gmt":"2021-05-24T21:56:08","slug":"la-provincia-avanza-con-la-vacunacion-de-los-grupos-priorizados","status":"publish","type":"post","link":"https:\/\/cdnoticias.com\/index.php\/2021\/05\/24\/la-provincia-avanza-con-la-vacunacion-de-los-grupos-priorizados\/","title":{"rendered":"La Provincia avanza con la vacunaci\u00f3n de los grupos priorizados"},"content":{"rendered":"<p>En esta ocasi\u00f3n se hizo \u00e9nfasis en el personal policial y los mayores de 60 a\u00f1os, sumado a los mayores de 40 que integran los grupos de riesgo.<!--more--><\/p>\n<hr \/>\n<p>Tras haber inmunizado a m\u00e1s de tres millones y medio de bonaerenses, <strong>el Gobierno de la provincia de Buenos Aires avanza con el segundo hito del plan p\u00fablico, gratuito y optativo de vacunaci\u00f3n contra el Covid-19.<\/strong><\/p>\n<p>&nbsp;<\/p>\n<p>En ese marco, <strong>en las \u00faltimas horas se ha intensificado la inoculaci\u00f3n del personal policial, al tiempo que se profundiza la aplicaci\u00f3n de vacunas sobre todos y todas las mayores de 60 a\u00f1os y quienes tienen m\u00e1s de 40 a\u00f1os e integran grupos de riesgo<\/strong> por presentar enfermedades preexistentes.<\/p>\n<p>&nbsp;<\/p>\n<p>En base a las prioridades establecidas por el Gobierno Nacional, el programa Buenos Aires Vacunate cumpli\u00f3 su primer objetivo a<strong>l haber brindado inmunidad a los inscriptos del personal del sistema de salud p\u00fablico y privado de la Provincia, y a los y las bonaerenses mayores de 70 a\u00f1os y a mayores de 60 con comorbilidades que se registraron para recibir la vacuna.<\/strong><\/p>\n<p>&nbsp;<\/p>\n<p><img data-recalc-dims=\"1\" loading=\"lazy\" decoding=\"async\" class=\"alignnone size-large wp-image-22277\" src=\"https:\/\/i0.wp.com\/cdnoticias.com\/wp-content\/uploads\/2021\/05\/2021_05_24-Vacunacion-Fuerzas-de-Seguridad-Bonaerense-10.jpg?resize=800%2C533&#038;ssl=1\" alt=\"\" width=\"800\" height=\"533\" srcset=\"https:\/\/i0.wp.com\/cdnoticias.com\/wp-content\/uploads\/2021\/05\/2021_05_24-Vacunacion-Fuerzas-de-Seguridad-Bonaerense-10.jpg?resize=1024%2C682&amp;ssl=1 1024w, https:\/\/i0.wp.com\/cdnoticias.com\/wp-content\/uploads\/2021\/05\/2021_05_24-Vacunacion-Fuerzas-de-Seguridad-Bonaerense-10.jpg?resize=300%2C200&amp;ssl=1 300w, https:\/\/i0.wp.com\/cdnoticias.com\/wp-content\/uploads\/2021\/05\/2021_05_24-Vacunacion-Fuerzas-de-Seguridad-Bonaerense-10.jpg?resize=768%2C511&amp;ssl=1 768w, https:\/\/i0.wp.com\/cdnoticias.com\/wp-content\/uploads\/2021\/05\/2021_05_24-Vacunacion-Fuerzas-de-Seguridad-Bonaerense-10.jpg?resize=272%2C182&amp;ssl=1 272w, https:\/\/i0.wp.com\/cdnoticias.com\/wp-content\/uploads\/2021\/05\/2021_05_24-Vacunacion-Fuerzas-de-Seguridad-Bonaerense-10.jpg?w=1600&amp;ssl=1 1600w, https:\/\/i0.wp.com\/cdnoticias.com\/wp-content\/uploads\/2021\/05\/2021_05_24-Vacunacion-Fuerzas-de-Seguridad-Bonaerense-10.jpg?w=2400&amp;ssl=1 2400w\" sizes=\"auto, (max-width: 800px) 100vw, 800px\" \/><\/p>\n<p>&nbsp;<\/p>\n<blockquote><p>Adem\u00e1s de cubrir a casi el 30% de los miembros de la polic\u00eda provincial y al 50% del personal docente y no docente, esta segunda etapa prioriza a mujeres embarazadas y avanza con la inoculaci\u00f3n de todos los mayores de 60 a\u00f1os, franja etaria en la que ya se vacun\u00f3 al 78% de los registrados, y a personas entre 40 y 59 a\u00f1os que integran grupos de riesgo.<\/p><\/blockquote>\n<p>&nbsp;<\/p>\n<p>La campa\u00f1a continuar\u00e1 completando los esquemas de vacunaci\u00f3n y <strong>acelerar\u00e1 su ritmo de aplicaciones en los pr\u00f3ximos d\u00edas, ya que se prev\u00e9 el arribo al pa\u00eds en estas horas de 1.657.565 vacunas<\/strong>, de las cuales una proporci\u00f3n ser\u00e1 destinada a los 135 municipios de la Provincia.<\/p>\n<p>&nbsp;<\/p>\n<p>Personal de seguridad de la Provincia se vacunaba est\u00e1 ma\u00f1ana en la sede de SADOP La Plata, unas de las 15 postas donde se asignaron 13.300 turnos para este segmento.<\/p>\n","protected":false},"excerpt":{"rendered":"<p>En esta ocasi\u00f3n se hizo \u00e9nfasis en el personal policial y los mayores de 60 a\u00f1os, sumado a los mayores<\/p>\n","protected":false},"author":2,"featured_media":22276,"comment_status":"closed","ping_status":"closed","sticky":false,"template":"","format":"standard","meta":{"_jetpack_memberships_contains_paid_content":false,"footnotes":""},"categories":[6,1],"tags":[],"class_list":["post-22275","post","type-post","status-publish","format-standard","has-post-thumbnail","hentry","category-nacionales","category-portada"],"jetpack_featured_media_url":"https:\/\/i0.wp.com\/cdnoticias.com\/wp-content\/uploads\/2021\/05\/2021_05_24-Vacunacion-Fuerzas-de-Seguridad-Bonaerense-6.jpg?fit=4928%2C3280&ssl=1","jetpack_sharing_enabled":true,"_links":{"self":[{"href":"https:\/\/cdnoticias.com\/index.php\/wp-json\/wp\/v2\/posts\/22275","targetHints":{"allow":["GET"]}}],"collection":[{"href":"https:\/\/cdnoticias.com\/index.php\/wp-json\/wp\/v2\/posts"}],"about":[{"href":"https:\/\/cdnoticias.com\/index.php\/wp-json\/wp\/v2\/types\/post"}],"author":[{"embeddable":true,"href":"https:\/\/cdnoticias.com\/index.php\/wp-json\/wp\/v2\/users\/2"}],"replies":[{"embeddable":true,"href":"https:\/\/cdnoticias.com\/index.php\/wp-json\/wp\/v2\/comments?post=22275"}],"version-history":[{"count":0,"href":"https:\/\/cdnoticias.com\/index.php\/wp-json\/wp\/v2\/posts\/22275\/revisions"}],"wp:featuredmedia":[{"embeddable":true,"href":"https:\/\/cdnoticias.com\/index.php\/wp-json\/wp\/v2\/media\/22276"}],"wp:attachment":[{"href":"https:\/\/cdnoticias.com\/index.php\/wp-json\/wp\/v2\/media?parent=22275"}],"wp:term":[{"taxonomy":"category","embeddable":true,"href":"https:\/\/cdnoticias.com\/index.php\/wp-json\/wp\/v2\/categories?post=22275"},{"taxonomy":"post_tag","embeddable":true,"href":"https:\/\/cdnoticias.com\/index.php\/wp-json\/wp\/v2\/tags?post=22275"}],"curies":[{"name":"wp","href":"https:\/\/api.w.org\/{rel}","templated":true}]}}