{"id":22250,"date":"2021-05-24T13:24:28","date_gmt":"2021-05-24T16:24:28","guid":{"rendered":"http:\/\/www.centraldenoticias.com.ar\/?p=22250"},"modified":"2021-05-24T17:12:25","modified_gmt":"2021-05-24T20:12:25","slug":"vacunas-covid-mas-de-34-millones-de-bonaerenses-ya-tienen-la-primera-dosis","status":"publish","type":"post","link":"https:\/\/cdnoticias.com\/index.php\/2021\/05\/24\/vacunas-covid-mas-de-34-millones-de-bonaerenses-ya-tienen-la-primera-dosis\/","title":{"rendered":"Vacunas Covid: m\u00e1s de 3,4 millones de bonaerenses ya tienen la primera dosis"},"content":{"rendered":"<p>Los datos que difundi\u00f3 la Gobernaci\u00f3n este lunes muestran 87,89% de alcance de los mayores de 60 a\u00f1os. En Olavarr\u00eda avanza a buen ritmo la aplicaci\u00f3n de segunda dosis: hay 9.116 inmunizados.<!--more--><\/p>\n<hr \/>\n<p><strong>Hasta este lunes se han superado las 4,3 millones de dosis de vacunas contra el Covid aplicadas en el \u00e1mbito de la provincia de Buenos Aires<\/strong>, seg\u00fan comunic\u00f3 la Gobernaci\u00f3n.<\/p>\n<p>&nbsp;<\/p>\n<blockquote><p>Con ello, 3.451.055 bonaerenses ya han recibido al menos una dosis.<\/p><\/blockquote>\n<p>&nbsp;<\/p>\n<p>En el detalle ofrecido se destaca el <strong>alcance de 95,45% para el grupo prioritario \u201cpersonal de salud\u201d y de 87,89% de los mayores de 60 a\u00f1os<\/strong>.<\/p>\n<p><img data-recalc-dims=\"1\" loading=\"lazy\" decoding=\"async\" class=\"size-full wp-image-22253 aligncenter\" src=\"https:\/\/i0.wp.com\/cdnoticias.com\/wp-content\/uploads\/2021\/05\/vacunacion-provincia00.jpg?resize=800%2C445&#038;ssl=1\" alt=\"\" width=\"800\" height=\"445\" srcset=\"https:\/\/i0.wp.com\/cdnoticias.com\/wp-content\/uploads\/2021\/05\/vacunacion-provincia00.jpg?w=800&amp;ssl=1 800w, https:\/\/i0.wp.com\/cdnoticias.com\/wp-content\/uploads\/2021\/05\/vacunacion-provincia00.jpg?resize=300%2C167&amp;ssl=1 300w, https:\/\/i0.wp.com\/cdnoticias.com\/wp-content\/uploads\/2021\/05\/vacunacion-provincia00.jpg?resize=768%2C427&amp;ssl=1 768w\" sizes=\"auto, (max-width: 800px) 100vw, 800px\" \/><\/p>\n<p>&nbsp;<\/p>\n<p>En este \u00faltimo grupo se han inmunizado <strong>2.285.084 personas<\/strong> y restan actualmente 314.709 inscriptos.<\/p>\n<p>&nbsp;<\/p>\n<p>En el grupo prioritario<strong> \u201cpersonal docente y no docente\u201d<\/strong> el alcance es de 50,72% y en<strong> \u201cpersonal de seguridad\u201d<\/strong>, de 29,98%.<\/p>\n<p>&nbsp;<\/p>\n<p>A partir del 12 de mayo en el \u00e1mbito provincial cobr\u00f3 mayor relevancia la aplicaci\u00f3n de las segundas dosis: <strong>892.205 personas ya han completado su inmunizaci\u00f3n<\/strong>.<\/p>\n<p>&nbsp;<\/p>\n<p><img data-recalc-dims=\"1\" loading=\"lazy\" decoding=\"async\" class=\"size-large wp-image-22255 aligncenter\" src=\"https:\/\/i0.wp.com\/cdnoticias.com\/wp-content\/uploads\/2021\/05\/vacunacion-provincia.jpg?resize=800%2C270&#038;ssl=1\" alt=\"\" width=\"800\" height=\"270\" srcset=\"https:\/\/i0.wp.com\/cdnoticias.com\/wp-content\/uploads\/2021\/05\/vacunacion-provincia.jpg?resize=1024%2C345&amp;ssl=1 1024w, https:\/\/i0.wp.com\/cdnoticias.com\/wp-content\/uploads\/2021\/05\/vacunacion-provincia.jpg?resize=300%2C101&amp;ssl=1 300w, https:\/\/i0.wp.com\/cdnoticias.com\/wp-content\/uploads\/2021\/05\/vacunacion-provincia.jpg?resize=768%2C259&amp;ssl=1 768w, https:\/\/i0.wp.com\/cdnoticias.com\/wp-content\/uploads\/2021\/05\/vacunacion-provincia.jpg?w=1336&amp;ssl=1 1336w\" sizes=\"auto, (max-width: 800px) 100vw, 800px\" \/><\/p>\n<p>&nbsp;<\/p>\n<p><strong>En Olavarr\u00eda, seg\u00fan la informaci\u00f3n disponible en la Sala de Situaci\u00f3n del Ministerio de Salud hasta el s\u00e1bado la cantidad de dosis aplicadas alcanz\u00f3 a 35.877<\/strong>.<\/p>\n<p>&nbsp;<\/p>\n<blockquote><p>Se cuentan as\u00ed 26.761 olavarrienses que recibieron al menos una dosis y 9.116 que ya han completado ambos componentes de las vacunas contra el Covid.<\/p><\/blockquote>\n<p>&nbsp;<\/p>\n<p>La l\u00ednea de tiempo de aplicaciones se ha movido en paralelo a la provincial y tambi\u00e9n a partir del 12 de mayo se registra el aumento m\u00e1s notable en las aplicaciones de segundas dosis.<\/p>\n<p>&nbsp;<\/p>\n<p><img data-recalc-dims=\"1\" loading=\"lazy\" decoding=\"async\" class=\"size-large wp-image-22254 aligncenter\" src=\"https:\/\/i0.wp.com\/cdnoticias.com\/wp-content\/uploads\/2021\/05\/vacunacion-olavarria.jpg?resize=800%2C288&#038;ssl=1\" alt=\"\" width=\"800\" height=\"288\" srcset=\"https:\/\/i0.wp.com\/cdnoticias.com\/wp-content\/uploads\/2021\/05\/vacunacion-olavarria.jpg?resize=1024%2C368&amp;ssl=1 1024w, https:\/\/i0.wp.com\/cdnoticias.com\/wp-content\/uploads\/2021\/05\/vacunacion-olavarria.jpg?resize=300%2C108&amp;ssl=1 300w, https:\/\/i0.wp.com\/cdnoticias.com\/wp-content\/uploads\/2021\/05\/vacunacion-olavarria.jpg?resize=768%2C276&amp;ssl=1 768w, https:\/\/i0.wp.com\/cdnoticias.com\/wp-content\/uploads\/2021\/05\/vacunacion-olavarria.jpg?w=1344&amp;ssl=1 1344w\" sizes=\"auto, (max-width: 800px) 100vw, 800px\" \/><\/p>\n<p>&nbsp;<\/p>\n<p>En ese marco, cabe se\u00f1alar que <strong>este s\u00e1bado se aplicaron s\u00f3lo segundas dosis: 219 personas asistieron al Hospital de Oncolog\u00eda y 12 al Servicio Territorial 2<\/strong> tal como detall\u00f3 la Regi\u00f3n Sanitaria IX. <a href=\"https:\/\/cdnoticias.com\/index.php\/2021\/05\/21\/mas-de-mil-olavarrienses-fueron-vacunados-este-viernes-contra-el-coronavirus\/\" target=\"_blank\" rel=\"noopener\">El viernes, en tanto, se hab\u00edan aplicado m\u00e1s de mil dosis<\/a>.<\/p>\n<p>&nbsp;<\/p>\n<p>En el plano local, <a href=\"https:\/\/cdnoticias.com\/index.php\/2021\/05\/21\/vacunacion-covid-la-region-sanitaria-acordo-con-instituciones-locales-para-sumar-inscriptos\/\" target=\"_blank\" rel=\"noopener\">el mayor alcance es en la poblaci\u00f3n de mayores de 70 a\u00f1os con m\u00e1s de 91% de cobertura<\/a>.<\/p>\n<p>&nbsp;<\/p>\n<blockquote class=\"twitter-tweet\">\n<p dir=\"ltr\" lang=\"es\">Realizamos un an\u00e1lisis de la evoluci\u00f3n de la campa\u00f1a de vacunaci\u00f3n en la ciudad de Olavarr\u00eda.<a href=\"https:\/\/twitter.com\/SaludBAP?ref_src=twsrc%5Etfw\">@SaludBAP<\/a> <a href=\"https:\/\/twitter.com\/DrDanielGollan?ref_src=twsrc%5Etfw\">@DrDanielGollan<\/a> <a href=\"https:\/\/twitter.com\/nkreplak?ref_src=twsrc%5Etfw\">@nkreplak<\/a> <a href=\"https:\/\/twitter.com\/redesyregiones?ref_src=twsrc%5Etfw\">@redesyregiones<\/a> <a href=\"https:\/\/twitter.com\/adrian_gayoso?ref_src=twsrc%5Etfw\">@adrian_gayoso<\/a> <a href=\"https:\/\/twitter.com\/ramiroborzi?ref_src=twsrc%5Etfw\">@ramiroborzi<\/a> <a href=\"https:\/\/t.co\/PTHPQmYtst\">pic.twitter.com\/PTHPQmYtst<\/a><\/p>\n<p>\u2014 @RegSanIX (@regsanix) <a href=\"https:\/\/twitter.com\/regsanix\/status\/1395848669325316096?ref_src=twsrc%5Etfw\">May 21, 2021<\/a><\/p><\/blockquote>\n<p><script async src=\"https:\/\/platform.twitter.com\/widgets.js\" charset=\"utf-8\"><\/script><\/p>\n<p>&nbsp;<\/p>\n<p>Por \u00faltimo, se record\u00f3 que <strong>la vacunaci\u00f3n es \u00fanicamente por turnos, tanto para primeras como segundas dosis,\u00a0 por lo que se le pide a la comunidad que est\u00e9n atentos a los mensajes con la notificaci\u00f3n del d\u00eda y horario para aplicarse la dosis correspondiente<\/strong>.<\/p>\n<p>&nbsp;<\/p>\n<p>Todos los interesados en acceder al plan provincial de vacunaci\u00f3n contra el coronavirus, que es p\u00fablico, gratuito y optativo, pueden sacar turno de manera virtual entrando en la <a href=\"https:\/\/vacunatepba.gba.gob.ar\/\" target=\"_blank\" rel=\"noopener\">p\u00e1gina del Programa Vacunate<\/a>\u00a0 o de forma presencial en ANSES, IOMA, PAMI, Ministerio de trabajo, Centro de Documentaci\u00f3n R\u00e1pida, entre otros.<\/p>\n","protected":false},"excerpt":{"rendered":"<p>Los datos que difundi\u00f3 la Gobernaci\u00f3n este lunes muestran 87,89% de alcance de los mayores de 60 a\u00f1os. En Olavarr\u00eda<\/p>\n","protected":false},"author":4,"featured_media":21243,"comment_status":"closed","ping_status":"closed","sticky":false,"template":"","format":"standard","meta":{"_jetpack_memberships_contains_paid_content":false,"footnotes":""},"categories":[16,1],"tags":[],"class_list":["post-22250","post","type-post","status-publish","format-standard","has-post-thumbnail","hentry","category-covid-19","category-portada"],"jetpack_featured_media_url":"https:\/\/i0.wp.com\/cdnoticias.com\/wp-content\/uploads\/2021\/05\/WhatsApp-Image-2021-05-11-at-19.56.08.jpeg?fit=1280%2C828&ssl=1","jetpack_sharing_enabled":true,"_links":{"self":[{"href":"https:\/\/cdnoticias.com\/index.php\/wp-json\/wp\/v2\/posts\/22250","targetHints":{"allow":["GET"]}}],"collection":[{"href":"https:\/\/cdnoticias.com\/index.php\/wp-json\/wp\/v2\/posts"}],"about":[{"href":"https:\/\/cdnoticias.com\/index.php\/wp-json\/wp\/v2\/types\/post"}],"author":[{"embeddable":true,"href":"https:\/\/cdnoticias.com\/index.php\/wp-json\/wp\/v2\/users\/4"}],"replies":[{"embeddable":true,"href":"https:\/\/cdnoticias.com\/index.php\/wp-json\/wp\/v2\/comments?post=22250"}],"version-history":[{"count":0,"href":"https:\/\/cdnoticias.com\/index.php\/wp-json\/wp\/v2\/posts\/22250\/revisions"}],"wp:featuredmedia":[{"embeddable":true,"href":"https:\/\/cdnoticias.com\/index.php\/wp-json\/wp\/v2\/media\/21243"}],"wp:attachment":[{"href":"https:\/\/cdnoticias.com\/index.php\/wp-json\/wp\/v2\/media?parent=22250"}],"wp:term":[{"taxonomy":"category","embeddable":true,"href":"https:\/\/cdnoticias.com\/index.php\/wp-json\/wp\/v2\/categories?post=22250"},{"taxonomy":"post_tag","embeddable":true,"href":"https:\/\/cdnoticias.com\/index.php\/wp-json\/wp\/v2\/tags?post=22250"}],"curies":[{"name":"wp","href":"https:\/\/api.w.org\/{rel}","templated":true}]}}