{"id":22246,"date":"2021-05-24T12:13:13","date_gmt":"2021-05-24T15:13:13","guid":{"rendered":"http:\/\/www.centraldenoticias.com.ar\/?p=22246"},"modified":"2021-05-24T12:13:13","modified_gmt":"2021-05-24T15:13:13","slug":"como-sera-la-atencion-de-pami-durante-este-semana","status":"publish","type":"post","link":"https:\/\/cdnoticias.com\/index.php\/2021\/05\/24\/como-sera-la-atencion-de-pami-durante-este-semana\/","title":{"rendered":"C\u00f3mo ser\u00e1 la atenci\u00f3n de PAMI durante este semana"},"content":{"rendered":"<p>En la sede s\u00f3lo se atender\u00e1n \u201ctr\u00e1mites urgentes e impostergables\u201d. Los turnos otorgados fueron reprogramados. Los tel\u00e9fonos de contacto.<!--more--><\/p>\n<hr \/>\n<p><strong>La oficina de PAMI en Olavarr\u00eda permanecer\u00e1 cerrada este lunes y martes<\/strong>, debido al feriado, y la atenci\u00f3n a partir del mi\u00e9rcoles <a href=\"https:\/\/cdnoticias.com\/index.php\/2021\/05\/20\/nuevas-medidas-de-confinamiento-es-el-peor-momento-desde-que-inicio-la-pandemia\/\" target=\"_blank\" rel=\"noopener\">responder\u00e1 a las medidas anunciadas por el Ejecutivo Nacional<\/a> en el marco de la situaci\u00f3n sanitaria.<\/p>\n<blockquote>\n<p>\u201cLos d\u00edas 26, 27, y 28, s\u00f3lo se atender\u00e1n tr\u00e1mites urgentes e impostergables (oncolog\u00eda, traslados y derivaciones, oxigenoterapia), los turnos para esta semana fueron reprogramados\u201d se destac\u00f3 desde PAMI.<\/p><\/blockquote>\n<p>&nbsp;<\/p>\n<p>En la oficina s\u00f3lo estar\u00e1n las autoridades. <strong>\u201cPara cuidar tambi\u00e9n a las personas trabajadoras, s\u00f3lo estar\u00e1n concurriendo las autoridades y referentes en los horarios habituales\u201d<\/strong> se aclar\u00f3.<\/p>\n<p>&nbsp;<\/p>\n<p><img data-recalc-dims=\"1\" loading=\"lazy\" decoding=\"async\" class=\"alignleft wp-image-22248\" src=\"https:\/\/i0.wp.com\/cdnoticias.com\/wp-content\/uploads\/2021\/05\/PAMI-1.jpeg?resize=390%2C390&#038;ssl=1\" alt=\"\" width=\"390\" height=\"390\" srcset=\"https:\/\/i0.wp.com\/cdnoticias.com\/wp-content\/uploads\/2021\/05\/PAMI-1.jpeg?w=960&amp;ssl=1 960w, https:\/\/i0.wp.com\/cdnoticias.com\/wp-content\/uploads\/2021\/05\/PAMI-1.jpeg?resize=150%2C150&amp;ssl=1 150w, https:\/\/i0.wp.com\/cdnoticias.com\/wp-content\/uploads\/2021\/05\/PAMI-1.jpeg?resize=300%2C300&amp;ssl=1 300w, https:\/\/i0.wp.com\/cdnoticias.com\/wp-content\/uploads\/2021\/05\/PAMI-1.jpeg?resize=768%2C768&amp;ssl=1 768w\" sizes=\"auto, (max-width: 390px) 100vw, 390px\" \/><img data-recalc-dims=\"1\" loading=\"lazy\" decoding=\"async\" class=\"alignnone wp-image-22247\" src=\"https:\/\/i0.wp.com\/cdnoticias.com\/wp-content\/uploads\/2021\/05\/PAMI-2.jpeg?resize=390%2C390&#038;ssl=1\" alt=\"\" width=\"390\" height=\"390\" srcset=\"https:\/\/i0.wp.com\/cdnoticias.com\/wp-content\/uploads\/2021\/05\/PAMI-2.jpeg?w=960&amp;ssl=1 960w, https:\/\/i0.wp.com\/cdnoticias.com\/wp-content\/uploads\/2021\/05\/PAMI-2.jpeg?resize=150%2C150&amp;ssl=1 150w, https:\/\/i0.wp.com\/cdnoticias.com\/wp-content\/uploads\/2021\/05\/PAMI-2.jpeg?resize=300%2C300&amp;ssl=1 300w, https:\/\/i0.wp.com\/cdnoticias.com\/wp-content\/uploads\/2021\/05\/PAMI-2.jpeg?resize=768%2C768&amp;ssl=1 768w\" sizes=\"auto, (max-width: 390px) 100vw, 390px\" \/><\/p>\n<p>&nbsp;<\/p>\n<p>\u201cLa intenci\u00f3n primera de esta medida busca <strong>proteger, prevenir y cuidar la salud de las personas afiliadas al INSSJP<\/strong>, entendiendo que las mismas pretenden <strong>evitar el crecimiento de contagios y la propagaci\u00f3n del coronavirus<\/strong>\u201d se record\u00f3.<\/p>\n<p>&nbsp;<\/p>\n<p>Quienes necesiten comunicarse con la dependencia podr\u00e1n hacerlo llamado al <strong>422318<\/strong> o al celular <strong>2284 \u2013 612180<\/strong>.<\/p>\n","protected":false},"excerpt":{"rendered":"<p>En la sede s\u00f3lo se atender\u00e1n \u201ctr\u00e1mites urgentes e impostergables\u201d. Los turnos otorgados fueron reprogramados. Los tel\u00e9fonos de contacto.<\/p>\n","protected":false},"author":4,"featured_media":3918,"comment_status":"closed","ping_status":"closed","sticky":false,"template":"","format":"standard","meta":{"_jetpack_memberships_contains_paid_content":false,"footnotes":""},"categories":[5,1],"tags":[],"class_list":["post-22246","post","type-post","status-publish","format-standard","has-post-thumbnail","hentry","category-informacion-general","category-portada"],"jetpack_featured_media_url":"https:\/\/i0.wp.com\/cdnoticias.com\/wp-content\/uploads\/2020\/10\/pami-general.jpg?fit=800%2C531&ssl=1","jetpack_sharing_enabled":true,"_links":{"self":[{"href":"https:\/\/cdnoticias.com\/index.php\/wp-json\/wp\/v2\/posts\/22246","targetHints":{"allow":["GET"]}}],"collection":[{"href":"https:\/\/cdnoticias.com\/index.php\/wp-json\/wp\/v2\/posts"}],"about":[{"href":"https:\/\/cdnoticias.com\/index.php\/wp-json\/wp\/v2\/types\/post"}],"author":[{"embeddable":true,"href":"https:\/\/cdnoticias.com\/index.php\/wp-json\/wp\/v2\/users\/4"}],"replies":[{"embeddable":true,"href":"https:\/\/cdnoticias.com\/index.php\/wp-json\/wp\/v2\/comments?post=22246"}],"version-history":[{"count":0,"href":"https:\/\/cdnoticias.com\/index.php\/wp-json\/wp\/v2\/posts\/22246\/revisions"}],"wp:featuredmedia":[{"embeddable":true,"href":"https:\/\/cdnoticias.com\/index.php\/wp-json\/wp\/v2\/media\/3918"}],"wp:attachment":[{"href":"https:\/\/cdnoticias.com\/index.php\/wp-json\/wp\/v2\/media?parent=22246"}],"wp:term":[{"taxonomy":"category","embeddable":true,"href":"https:\/\/cdnoticias.com\/index.php\/wp-json\/wp\/v2\/categories?post=22246"},{"taxonomy":"post_tag","embeddable":true,"href":"https:\/\/cdnoticias.com\/index.php\/wp-json\/wp\/v2\/tags?post=22246"}],"curies":[{"name":"wp","href":"https:\/\/api.w.org\/{rel}","templated":true}]}}