{"id":2223,"date":"2020-09-23T08:32:27","date_gmt":"2020-09-23T11:32:27","guid":{"rendered":"http:\/\/www.centraldenoticias.com.ar\/?p=2223"},"modified":"2020-09-23T08:32:42","modified_gmt":"2020-09-23T11:32:42","slug":"zunilda-noemi-pion-viuda-de-bogarin-q-e-p-d","status":"publish","type":"post","link":"https:\/\/cdnoticias.com\/index.php\/2020\/09\/23\/zunilda-noemi-pion-viuda-de-bogarin-q-e-p-d\/","title":{"rendered":"Zunilda Noem\u00ed Pion viuda de Bogarin (Q.E.P.D.)"},"content":{"rendered":"<p>Falleci\u00f3 en Olavarr\u00eda el d\u00eda 22 de septiembre de 2020 a los 92 a\u00f1os de edad. Sus hijos Jos\u00e9 Luis Bogarin y Alicia Bogar\u00edn; sus hermanas Vilma y Raquel Pion; sus nietos Valeria Bogarin, Mariano Bogarin, Lucrecia Caraballo y Fernando Caraballo; sus bisnietos , sus nietos pol\u00edticos Jorge\u00a0Risardi y Marina Rodriguez; sus sobrinas Liliana Arrambide, Marta Arrambide, Mirta Caputo, Myriam Lauria y dem\u00e1s deudos participan su fallecimiento.<\/p>\n<p>No se realiza velatorio ni responso. Cremaci\u00f3n en el Crematorio Pinos De Paz el mi\u00e9rcoles 23 de septiembre a las 14.30. Servicio adherido a Coopelectric.<\/p>\n<p>Vecina del barrio Mariano Moreno. Nacida en Las Flores. Jubilada.<\/p>\n","protected":false},"excerpt":{"rendered":"<p>Falleci\u00f3 en Olavarr\u00eda el d\u00eda 22 de septiembre de 2020 a los 92 a\u00f1os de edad. Sus hijos Jos\u00e9 Luis<\/p>\n","protected":false},"author":4,"featured_media":0,"comment_status":"closed","ping_status":"closed","sticky":false,"template":"","format":"standard","meta":{"_jetpack_memberships_contains_paid_content":false,"footnotes":""},"categories":[10],"tags":[],"class_list":["post-2223","post","type-post","status-publish","format-standard","hentry","category-necrologicas"],"jetpack_featured_media_url":"","jetpack_sharing_enabled":true,"_links":{"self":[{"href":"https:\/\/cdnoticias.com\/index.php\/wp-json\/wp\/v2\/posts\/2223","targetHints":{"allow":["GET"]}}],"collection":[{"href":"https:\/\/cdnoticias.com\/index.php\/wp-json\/wp\/v2\/posts"}],"about":[{"href":"https:\/\/cdnoticias.com\/index.php\/wp-json\/wp\/v2\/types\/post"}],"author":[{"embeddable":true,"href":"https:\/\/cdnoticias.com\/index.php\/wp-json\/wp\/v2\/users\/4"}],"replies":[{"embeddable":true,"href":"https:\/\/cdnoticias.com\/index.php\/wp-json\/wp\/v2\/comments?post=2223"}],"version-history":[{"count":0,"href":"https:\/\/cdnoticias.com\/index.php\/wp-json\/wp\/v2\/posts\/2223\/revisions"}],"wp:attachment":[{"href":"https:\/\/cdnoticias.com\/index.php\/wp-json\/wp\/v2\/media?parent=2223"}],"wp:term":[{"taxonomy":"category","embeddable":true,"href":"https:\/\/cdnoticias.com\/index.php\/wp-json\/wp\/v2\/categories?post=2223"},{"taxonomy":"post_tag","embeddable":true,"href":"https:\/\/cdnoticias.com\/index.php\/wp-json\/wp\/v2\/tags?post=2223"}],"curies":[{"name":"wp","href":"https:\/\/api.w.org\/{rel}","templated":true}]}}