{"id":22217,"date":"2021-05-23T13:23:06","date_gmt":"2021-05-23T16:23:06","guid":{"rendered":"http:\/\/www.centraldenoticias.com.ar\/?p=22217"},"modified":"2021-05-23T15:48:00","modified_gmt":"2021-05-23T18:48:00","slug":"comerciantes-unidos-piden-a-la-comunidad-que-elijan-comercios-locales-para-poder-sostener-el-trabajo","status":"publish","type":"post","link":"https:\/\/cdnoticias.com\/index.php\/2021\/05\/23\/comerciantes-unidos-piden-a-la-comunidad-que-elijan-comercios-locales-para-poder-sostener-el-trabajo\/","title":{"rendered":"Comerciantes Unidos piden a la comunidad que elijan comercios locales para poder sostener el trabajo"},"content":{"rendered":"<p>Lo hicieron a trav\u00e9s de una publicaci\u00f3n en las redes sociales, buscando contrarrestar las p\u00e9rdidas por la pandemia.<!--more--><\/p>\n<hr \/>\n<p><a href=\"https:\/\/cdnoticias.com\/index.php\/2021\/05\/22\/galli-explico-como-sera-el-confinamiento-en-olavarria-por-estos-nueve-dias\/\" target=\"_blank\" rel=\"noopener\">El nuevo conjunto de restricciones que ingresaron en vigencia en las \u00faltimas horas<\/a> para buscar frenar el avance en los contagios de Covid19 se tradujo nuevamente en suma preocupaci\u00f3n e inestabilidad de diversos sectores, entre ellos el comercial, que vio anulada su posibilidad de apertura al p\u00fablico en <strong>rubros no esenciales, debiendo funcionar \u00fanicamente mediante env\u00edos o take away, mientras que fue limitado el horario en aquellos que s\u00ed tienen la posibilidad de abrir sus locales.<\/strong><\/p>\n<p>&nbsp;<\/p>\n<p>Es por ello que desde Comerciantes Unidos de Olavarr\u00eda se pidi\u00f3 a la ciudadan\u00eda<strong> \u201cprivilegiar los comercios de la ciudad al momento de realizar sus compras\u201d, buscando con ello contrarrestar las p\u00e9rdidas y mermas en los ingresos<\/strong>. En ese sentido, vale destacar que muchas firmas han avanzado hacia soportes virtuales, sea redes sociales o aplicaciones, para seguir comunicados con sus clientes.<\/p>\n<p>&nbsp;<\/p>\n<p><img data-recalc-dims=\"1\" loading=\"lazy\" decoding=\"async\" class=\"alignnone size-large wp-image-22218\" src=\"https:\/\/i0.wp.com\/cdnoticias.com\/wp-content\/uploads\/2021\/05\/WhatsApp-Image-2021-05-23-at-13.00.31.jpeg?resize=576%2C1024&#038;ssl=1\" alt=\"\" width=\"576\" height=\"1024\" srcset=\"https:\/\/i0.wp.com\/cdnoticias.com\/wp-content\/uploads\/2021\/05\/WhatsApp-Image-2021-05-23-at-13.00.31.jpeg?resize=576%2C1024&amp;ssl=1 576w, https:\/\/i0.wp.com\/cdnoticias.com\/wp-content\/uploads\/2021\/05\/WhatsApp-Image-2021-05-23-at-13.00.31.jpeg?resize=169%2C300&amp;ssl=1 169w, https:\/\/i0.wp.com\/cdnoticias.com\/wp-content\/uploads\/2021\/05\/WhatsApp-Image-2021-05-23-at-13.00.31.jpeg?w=720&amp;ssl=1 720w\" sizes=\"auto, (max-width: 576px) 100vw, 576px\" \/><\/p>\n<p>&nbsp;<\/p>\n<p><strong>\u201cAs\u00ed podremos sostener los puestos de trabajo de todo el sector\u201d<\/strong>, se concluy\u00f3 que una imagen que fue publicada en las redes sociales.<\/p>\n<p>&nbsp;<\/p>\n<p>Por \u00faltimo, se narr\u00f3 que quienes quieran sumarse a la agrupaci\u00f3n podr\u00e1n hacerlo <a href=\"https:\/\/www.facebook.com\/comerciantesunidosolavarria\" target=\"_blank\" rel=\"noopener\">mediante las redes sociales<\/a> o v\u00eda telef\u00f3nica a los n\u00fameros 2284246020 o 2284582137.<\/p>\n","protected":false},"excerpt":{"rendered":"<p>Lo hicieron a trav\u00e9s de una publicaci\u00f3n en las redes sociales, buscando contrarrestar las p\u00e9rdidas por la pandemia.<\/p>\n","protected":false},"author":3,"featured_media":963,"comment_status":"closed","ping_status":"closed","sticky":false,"template":"","format":"standard","meta":{"_jetpack_memberships_contains_paid_content":false,"footnotes":""},"categories":[5,1],"tags":[],"class_list":["post-22217","post","type-post","status-publish","format-standard","has-post-thumbnail","hentry","category-informacion-general","category-portada"],"jetpack_featured_media_url":"https:\/\/i0.wp.com\/cdnoticias.com\/wp-content\/uploads\/2020\/09\/comercios3.jpg?fit=4272%2C2532&ssl=1","jetpack_sharing_enabled":true,"_links":{"self":[{"href":"https:\/\/cdnoticias.com\/index.php\/wp-json\/wp\/v2\/posts\/22217","targetHints":{"allow":["GET"]}}],"collection":[{"href":"https:\/\/cdnoticias.com\/index.php\/wp-json\/wp\/v2\/posts"}],"about":[{"href":"https:\/\/cdnoticias.com\/index.php\/wp-json\/wp\/v2\/types\/post"}],"author":[{"embeddable":true,"href":"https:\/\/cdnoticias.com\/index.php\/wp-json\/wp\/v2\/users\/3"}],"replies":[{"embeddable":true,"href":"https:\/\/cdnoticias.com\/index.php\/wp-json\/wp\/v2\/comments?post=22217"}],"version-history":[{"count":0,"href":"https:\/\/cdnoticias.com\/index.php\/wp-json\/wp\/v2\/posts\/22217\/revisions"}],"wp:featuredmedia":[{"embeddable":true,"href":"https:\/\/cdnoticias.com\/index.php\/wp-json\/wp\/v2\/media\/963"}],"wp:attachment":[{"href":"https:\/\/cdnoticias.com\/index.php\/wp-json\/wp\/v2\/media?parent=22217"}],"wp:term":[{"taxonomy":"category","embeddable":true,"href":"https:\/\/cdnoticias.com\/index.php\/wp-json\/wp\/v2\/categories?post=22217"},{"taxonomy":"post_tag","embeddable":true,"href":"https:\/\/cdnoticias.com\/index.php\/wp-json\/wp\/v2\/tags?post=22217"}],"curies":[{"name":"wp","href":"https:\/\/api.w.org\/{rel}","templated":true}]}}