{"id":22211,"date":"2021-05-23T15:45:56","date_gmt":"2021-05-23T18:45:56","guid":{"rendered":"http:\/\/www.centraldenoticias.com.ar\/?p=22211"},"modified":"2021-05-23T18:03:20","modified_gmt":"2021-05-23T21:03:20","slug":"un-ojo-en-el-hospital-y-otro-en-el-bolsillo","status":"publish","type":"post","link":"https:\/\/cdnoticias.com\/index.php\/2021\/05\/23\/un-ojo-en-el-hospital-y-otro-en-el-bolsillo\/","title":{"rendered":"Un ojo en el hospital y otro en el bolsillo"},"content":{"rendered":"<p>El confinamiento, las decisiones y el plan para llegar m\u00e1s lejos en la vacunaci\u00f3n. La crisis comercial y, mientras tanto, asoman algunos posibles candidatos.<br \/>\n<!--more--><\/p>\n<hr \/>\n<p>(Extracto del newsletter\u00a0<strong>Volver a las Fuentes<\/strong>, donde\u00a0<a href=\"https:\/\/mailchi.mp\/e3c39bfe70fe\/un-ojo-en-el-hospital-y-otro-en-el-bolsillo\" target=\"_blank\" rel=\"noopener\">se puede acceder y suscribir ac\u00e1<\/a>)\u00a0<em><strong>Por Alexis Grierson y Josefina Bargas<\/strong><\/em><\/p>\n<p>&nbsp;<\/p>\n<p dir=\"ltr\"><strong>La otra cara de la moneda<\/strong><\/p>\n<p>&nbsp;<\/p>\n<p><img data-recalc-dims=\"1\" loading=\"lazy\" decoding=\"async\" class=\"alignnone size-large wp-image-22221\" src=\"https:\/\/i0.wp.com\/cdnoticias.com\/wp-content\/uploads\/2021\/05\/WhatsApp-Image-2021-05-22-at-20.29.48.jpeg?resize=800%2C534&#038;ssl=1\" alt=\"\" width=\"800\" height=\"534\" srcset=\"https:\/\/i0.wp.com\/cdnoticias.com\/wp-content\/uploads\/2021\/05\/WhatsApp-Image-2021-05-22-at-20.29.48.jpeg?resize=1024%2C683&amp;ssl=1 1024w, https:\/\/i0.wp.com\/cdnoticias.com\/wp-content\/uploads\/2021\/05\/WhatsApp-Image-2021-05-22-at-20.29.48.jpeg?resize=300%2C200&amp;ssl=1 300w, https:\/\/i0.wp.com\/cdnoticias.com\/wp-content\/uploads\/2021\/05\/WhatsApp-Image-2021-05-22-at-20.29.48.jpeg?resize=768%2C512&amp;ssl=1 768w, https:\/\/i0.wp.com\/cdnoticias.com\/wp-content\/uploads\/2021\/05\/WhatsApp-Image-2021-05-22-at-20.29.48.jpeg?resize=272%2C182&amp;ssl=1 272w, https:\/\/i0.wp.com\/cdnoticias.com\/wp-content\/uploads\/2021\/05\/WhatsApp-Image-2021-05-22-at-20.29.48.jpeg?w=1152&amp;ssl=1 1152w\" sizes=\"auto, (max-width: 800px) 100vw, 800px\" \/><\/p>\n<p>&nbsp;<\/p>\n<p dir=\"ltr\"><em>\u201cEs la \u00fanica salida a la oscuridad que estamos viviendo\u201d<\/em>\u00a0dijo Germ\u00e1n Caputo ayer sobre la importancia de la vacunaci\u00f3n. Esta semana\u00a0<em>la Regi\u00f3n Sanitaria IX present\u00f3 el avance de la campa\u00f1a en estos cinco meses<\/em>: los datos m\u00e1s relevantes son\u00a0que\u00a0<strong>ya se ha vacunado con al menos una dosis a la mitad de los inscriptos en Olavarr\u00eda<\/strong>.<\/p>\n<p>&nbsp;<\/p>\n<p dir=\"ltr\">Y justamente ese fue el coraz\u00f3n de la conferencia que dieron los directores Ramiro Borzi y Norma \u00c1lvarez Morello:\u00a0<strong>es necesario que m\u00e1s olavarrienses (y bonaerenses en general) se anoten en la web oficial para recibir vacunas<\/strong>.<\/p>\n<p dir=\"ltr\"><img data-recalc-dims=\"1\" loading=\"lazy\" decoding=\"async\" class=\"alignnone size-full wp-image-22051\" src=\"https:\/\/i0.wp.com\/cdnoticias.com\/wp-content\/uploads\/2021\/05\/vacunas-datos-06.jpg?resize=800%2C445&#038;ssl=1\" alt=\"\" width=\"800\" height=\"445\" srcset=\"https:\/\/i0.wp.com\/cdnoticias.com\/wp-content\/uploads\/2021\/05\/vacunas-datos-06.jpg?w=800&amp;ssl=1 800w, https:\/\/i0.wp.com\/cdnoticias.com\/wp-content\/uploads\/2021\/05\/vacunas-datos-06.jpg?resize=300%2C167&amp;ssl=1 300w, https:\/\/i0.wp.com\/cdnoticias.com\/wp-content\/uploads\/2021\/05\/vacunas-datos-06.jpg?resize=768%2C427&amp;ssl=1 768w\" sizes=\"auto, (max-width: 800px) 100vw, 800px\" \/><\/p>\n<p>&nbsp;<\/p>\n<p dir=\"ltr\">Es algo que\u00a0<em>en VAF ya hab\u00edamos planteado en ediciones anteriores<\/em>\u00a0y que en esta ocasi\u00f3n qued\u00f3 en evidencia a partir de las palabras del ministro de Salud, Daniel Goll\u00e1n, primero, y de Ramiro Borzi despu\u00e9s.<\/p>\n<p>&nbsp;<\/p>\n<p dir=\"ltr\">El martes\u00a0<strong>Goll\u00e1n<\/strong>\u00a0inform\u00f3 que hay unos 7 millones de anotados en la web Vacunate y que la poblaci\u00f3n objetivo es de 12 millones de personas.\u00a0<a href=\"https:\/\/gmail.us17.list-manage.com\/track\/click?u=cba2a41506a8e26d100c3f0f8&amp;id=fab130a101&amp;e=33f96ae7cb\" target=\"_blank\" rel=\"noopener\" data-saferedirecturl=\"https:\/\/www.google.com\/url?q=https:\/\/gmail.us17.list-manage.com\/track\/click?u%3Dcba2a41506a8e26d100c3f0f8%26id%3Dfab130a101%26e%3D33f96ae7cb&amp;source=gmail&amp;ust=1621867174868000&amp;usg=AFQjCNHCED2G239ik-5BxkaIelSliaH0lw\">Le pidi\u00f3 a los intendentes que hagan \u201cvisitas casa por casa\u201d para anotar a los que a\u00fan faltan<\/a>.<\/p>\n<p>&nbsp;<\/p>\n<p><img data-recalc-dims=\"1\" loading=\"lazy\" decoding=\"async\" class=\"alignnone size-full wp-image-21801\" src=\"https:\/\/i0.wp.com\/cdnoticias.com\/wp-content\/uploads\/2021\/05\/conferencia-gollan-bianco05.jpg?resize=800%2C445&#038;ssl=1\" alt=\"\" width=\"800\" height=\"445\" srcset=\"https:\/\/i0.wp.com\/cdnoticias.com\/wp-content\/uploads\/2021\/05\/conferencia-gollan-bianco05.jpg?w=800&amp;ssl=1 800w, https:\/\/i0.wp.com\/cdnoticias.com\/wp-content\/uploads\/2021\/05\/conferencia-gollan-bianco05.jpg?resize=300%2C167&amp;ssl=1 300w, https:\/\/i0.wp.com\/cdnoticias.com\/wp-content\/uploads\/2021\/05\/conferencia-gollan-bianco05.jpg?resize=768%2C427&amp;ssl=1 768w\" sizes=\"auto, (max-width: 800px) 100vw, 800px\" \/><\/p>\n<p>&nbsp;<\/p>\n<p dir=\"ltr\"><strong>En Olavarr\u00eda la estrategia fue otra<\/strong>. Con 50.500 anotados sobre una poblaci\u00f3n objetivo de unos 90.000 -todos los mayores de 18 a\u00f1os-\u00a0<a href=\"https:\/\/gmail.us17.list-manage.com\/track\/click?u=cba2a41506a8e26d100c3f0f8&amp;id=edf0a804a7&amp;e=33f96ae7cb\" target=\"_blank\" rel=\"noopener\" data-saferedirecturl=\"https:\/\/www.google.com\/url?q=https:\/\/gmail.us17.list-manage.com\/track\/click?u%3Dcba2a41506a8e26d100c3f0f8%26id%3Dedf0a804a7%26e%3D33f96ae7cb&amp;source=gmail&amp;ust=1621867174868000&amp;usg=AFQjCNFmtleCuM0TGPfkEVU_73KQGSxaOQ\">\u201cson buenos los n\u00fameros de inscriptos pero consideramos que se pueden optimizar\u201d<\/a>\u00a0dijo el director de la Regi\u00f3n IX. Lanz\u00f3 con ello un\u00a0<strong>\u201cplan distrital de identificaci\u00f3n de riesgo\u201d<\/strong>.<\/p>\n<p>&nbsp;<\/p>\n<p dir=\"ltr\">Esto significa que\u00a0<em>se firmar\u00e1n \u201cactas acuerdo\u201d con clubes, sociedades de fomento, facultades, sindicatos y asociaciones como la Uni\u00f3n Industrial y Comerciantes Unidos<\/em>\u00a0para \u201cdifundir, identificar y ayudar a la inscripci\u00f3n de personas de riesgo, que son nuestros grupos objetivos para vacunar\u201d.<\/p>\n<p>&nbsp;<\/p>\n<p dir=\"ltr\">M\u00e1s all\u00e1 de que la estrategia no lo incluy\u00f3,\u00a0<strong>Galli volvi\u00f3 a destacar ayer el tema y mostr\u00f3 que sabe c\u00f3mo quiere intervenir<\/strong>.\u00a0<em>\u201cQueremos que la gente se inscriba para la vacunaci\u00f3n\u201d<\/em>\u00a0dijo y dio un dato err\u00f3neo sobre la cantidad de inscriptos. Inmediatamente fue al punto:<em>\u00a0\u201cnos preocupa la cantidad de vacunados respecto de distritos de la regi\u00f3n. Es aproximadamente 22% (de la poblaci\u00f3n) cuando supera 30% o 40 % en La Madrid, Alvear o Tapalqu\u00e9. Vuelvo a poner a disposici\u00f3n el sistema sanitario local para hacer m\u00e1s \u00e1gil la vacunaci\u00f3n\u201d<\/em>\u00a0remarc\u00f3.<\/p>\n<p>&nbsp;<\/p>\n<blockquote class=\"twitter-tweet\">\n<p dir=\"ltr\" lang=\"es\">En conferencia de prensa anunciamos las medidas que rigen en Olavarr\u00eda desde este s\u00e1bado.<br \/>\nEl detalle completo en <a href=\"https:\/\/t.co\/rm3uH81AFf\">https:\/\/t.co\/rm3uH81AFf<\/a> <a href=\"https:\/\/t.co\/7Qdb7Vyese\">pic.twitter.com\/7Qdb7Vyese<\/a><\/p>\n<p>\u2014 Ezequiel Galli (@ezequielgalli) <a href=\"https:\/\/twitter.com\/ezequielgalli\/status\/1396260532362096641?ref_src=twsrc%5Etfw\">May 23, 2021<\/a><\/p><\/blockquote>\n<p><script async src=\"https:\/\/platform.twitter.com\/widgets.js\" charset=\"utf-8\"><\/script><\/p>\n<p>&nbsp;<\/p>\n<p dir=\"ltr\">Ojo con este punto: si bien la comparaci\u00f3n es \u201cenga\u00f1osa\u201d (dada la cantidad de poblaci\u00f3n que vive en las tres ciudades que mencion\u00f3 el Intendente) es cierto que hay malestar municipal incluso desde la llegada de las primeras vacunas (\u00bflas que se perdieron, te acord\u00e1s?) dado que\u00a0<em>no hay una distribuci\u00f3n porcentual en base a la cantidad de habitantes<\/em>.<\/p>\n<p>&nbsp;<\/p>\n<p dir=\"ltr\">Por ese entonces, se repart\u00edan 450 vacunas en los 10 distritos de la Regi\u00f3n Sanitaria IX. Con 450 dosis en Tapalqu\u00e9, por ejemplo, casi que podr\u00eda cubrirse la totalidad del personal de Salud y un poco m\u00e1s. A Olavarr\u00eda, en tanto, no llegaba ni a la mitad. Ah\u00ed se apunt\u00f3 en la conferencia.<\/p>\n<p>&nbsp;<\/p>\n<p dir=\"ltr\"><strong>Ya hab\u00edan hablado<\/strong><\/p>\n<p>&nbsp;<\/p>\n<p><img data-recalc-dims=\"1\" loading=\"lazy\" decoding=\"async\" class=\"alignnone size-large wp-image-6654\" src=\"https:\/\/i0.wp.com\/cdnoticias.com\/wp-content\/uploads\/2020\/11\/comercios.jpg?resize=800%2C534&#038;ssl=1\" alt=\"\" width=\"800\" height=\"534\" srcset=\"https:\/\/i0.wp.com\/cdnoticias.com\/wp-content\/uploads\/2020\/11\/comercios.jpg?resize=1024%2C683&amp;ssl=1 1024w, https:\/\/i0.wp.com\/cdnoticias.com\/wp-content\/uploads\/2020\/11\/comercios.jpg?resize=300%2C200&amp;ssl=1 300w, https:\/\/i0.wp.com\/cdnoticias.com\/wp-content\/uploads\/2020\/11\/comercios.jpg?resize=768%2C512&amp;ssl=1 768w, https:\/\/i0.wp.com\/cdnoticias.com\/wp-content\/uploads\/2020\/11\/comercios.jpg?resize=272%2C182&amp;ssl=1 272w, https:\/\/i0.wp.com\/cdnoticias.com\/wp-content\/uploads\/2020\/11\/comercios.jpg?w=1600&amp;ssl=1 1600w, https:\/\/i0.wp.com\/cdnoticias.com\/wp-content\/uploads\/2020\/11\/comercios.jpg?w=2400&amp;ssl=1 2400w\" sizes=\"auto, (max-width: 800px) 100vw, 800px\" \/><\/p>\n<p>&nbsp;<\/p>\n<p dir=\"ltr\">En comunicado conjunto de\u00a0<strong>organizaciones provinciales del comercio, el agro y la industria hab\u00edan pedido \u201cuna pausa total de nuestras obligaciones\u201d<\/strong>\u00a0con\u00a0<em>suspensi\u00f3n de \u201cvencimientos impositivos, laborales y previsionales nacionales, provinciales y municipales\u201d.<\/em><\/p>\n<p>&nbsp;<\/p>\n<p dir=\"ltr\">La firma hizo referencia a \u201cm\u00e1s de 50.000 pymes comerciales\u201d en riesgo de cerrar sus puertas con el consiguiente impacto laboral.<\/p>\n<p>&nbsp;<\/p>\n<p dir=\"ltr\">La\u00a0<strong>C\u00e1mara Empresaria de Olavarr\u00eda<\/strong>\u00a0difundi\u00f3 ese comunicado en el plano local.<\/p>\n<p>&nbsp;<\/p>\n<p dir=\"ltr\">Previamente, tambi\u00e9n se hab\u00edan pronunciado sobre el aspecto econ\u00f3mico\u00a0<a href=\"https:\/\/gmail.us17.list-manage.com\/track\/click?u=cba2a41506a8e26d100c3f0f8&amp;id=af825d9b5f&amp;e=33f96ae7cb\" target=\"_blank\" rel=\"noopener\" data-saferedirecturl=\"https:\/\/www.google.com\/url?q=https:\/\/gmail.us17.list-manage.com\/track\/click?u%3Dcba2a41506a8e26d100c3f0f8%26id%3Daf825d9b5f%26e%3D33f96ae7cb&amp;source=gmail&amp;ust=1621867174868000&amp;usg=AFQjCNGJps6JIZsnyJ6njHKgLVAHXhQkPg\">los intendentes del Grupo Dorrego<\/a>, que incluye a Ezequiel Galli. En un mensaje al gobernador y al presidente pidieron\u00a0<strong>\u201ceximici\u00f3n de ingresos brutos y la vuelta de los ATP\u201d<\/strong>. Jorge Macri se hizo cargo de la demanda:\u00a0<em>\u201centendemos que las pymes y comercios no aguantan m\u00e1s cierres y restricciones sin ayudas\u201d<\/em>.<\/p>\n<p dir=\"ltr\">No hay que olvidar que en ese correlato, Galli afirm\u00f3 que\u00a0<em>\u201csabemos que estas medidas van a traer impacto econ\u00f3mico y nos estamos preparando para lo que pueda llegar a venir\u201d<\/em>. Con ello difundi\u00f3 los\u00a0<strong>tel\u00e9fonos de Desarrollo Social<\/strong>\u00a0y comunic\u00f3\u00a0<strong>\u201cmedidas de ayuda fiscal\u201d<\/strong>\u00a0que en rigor\u00a0<em>casi ninguna fue anuncio porque est\u00e1n vigentes o fueron lanzadas el mes pasado<\/em>. Eximici\u00f3n en Seguridad e Higiene para varios rubros, entre ellos las cl\u00ednicas privadas, y condonaci\u00f3n de deuda fiscal.\u00a0<em>\u201cEn caso de que las restricciones se extiendan en el tiempo estamos evaluando nuevas medidas\u201d<\/em>\u00a0adelant\u00f3 el intendente.<\/p>\n<p>&nbsp;<\/p>\n<p dir=\"ltr\"><strong>Asoma Cenizo<\/strong><\/p>\n<p>&nbsp;<\/p>\n<p><img data-recalc-dims=\"1\" loading=\"lazy\" decoding=\"async\" class=\"alignnone size-large wp-image-22222\" src=\"https:\/\/i0.wp.com\/cdnoticias.com\/wp-content\/uploads\/2021\/05\/E16yl2cXMAM-uGm.jpg?resize=800%2C534&#038;ssl=1\" alt=\"\" width=\"800\" height=\"534\" srcset=\"https:\/\/i0.wp.com\/cdnoticias.com\/wp-content\/uploads\/2021\/05\/E16yl2cXMAM-uGm.jpg?resize=1024%2C684&amp;ssl=1 1024w, https:\/\/i0.wp.com\/cdnoticias.com\/wp-content\/uploads\/2021\/05\/E16yl2cXMAM-uGm.jpg?resize=300%2C200&amp;ssl=1 300w, https:\/\/i0.wp.com\/cdnoticias.com\/wp-content\/uploads\/2021\/05\/E16yl2cXMAM-uGm.jpg?resize=768%2C513&amp;ssl=1 768w, https:\/\/i0.wp.com\/cdnoticias.com\/wp-content\/uploads\/2021\/05\/E16yl2cXMAM-uGm.jpg?resize=272%2C182&amp;ssl=1 272w, https:\/\/i0.wp.com\/cdnoticias.com\/wp-content\/uploads\/2021\/05\/E16yl2cXMAM-uGm.jpg?w=1280&amp;ssl=1 1280w\" sizes=\"auto, (max-width: 800px) 100vw, 800px\" \/><\/p>\n<p>&nbsp;<\/p>\n<p dir=\"ltr\">Hace una semana habl\u00e1bamos de<em>\u00a0la visibilidad que cobr\u00f3 Maximiliano Wesner<\/em>\u00a0dentro del Frente de Todos por su importante trabajo en Anses. Pues bien,\u00a0<em>en Juntos por el Cambio aparecen nombres, figuras, y claro, potenciales candidatos<\/em>.<\/p>\n<p>&nbsp;<\/p>\n<p dir=\"ltr\">Es el caso de\u00a0<strong>Bruno Cenizo, quien apareci\u00f3 en las redes nuevamente (\u00bfcomo por arte de magia?)<\/strong>\u00a0y se mostr\u00f3 activo no s\u00f3lo en actividades junto al Intendente, sino con instituciones y plant\u00e1ndose en temas coyunturales, como el del cese de la exportaci\u00f3n de la carne. Se reuni\u00f3 con la Sociedad Rural y se manifest\u00f3 en contra de la decisi\u00f3n del presidente.<\/p>\n<p>&nbsp;<\/p>\n<p dir=\"ltr\">Y dej\u00f3 una perlita: catalog\u00f3 como una del\u00a0<strong>\u201creino del rev\u00e9s\u201d\u00a0<\/strong>a la noticia -desmentida horas despu\u00e9s- de que Boudou habr\u00eda adquirido un cr\u00e9dito hipotecario para comprar una casa.<\/p>\n<p>&nbsp;<\/p>\n<p dir=\"ltr\"><strong>Cenizo se suma oficialmente a la lista de dirigentes full time en redes sociales<\/strong>: entre los funcionarios municipales que se \u00bfanotan? para la carrera legislativa est\u00e1n tanto\u00a0<em>Diego Robbiani, como Julio Valetutto y Julio Ferraro<\/em>.<\/p>\n<p>&nbsp;<\/p>\n<p dir=\"ltr\">Ni que hablar\u00a0<em>Hilario Galli<\/em>: incluso,\u00a0<strong>el viernes opin\u00f3 sobre las medidas restrictivas del presidente posicion\u00e1ndose en la agenda por sobre el Intendente<\/strong>, que si bien dio\u00a0declaraciones a un medio, no ten\u00eda certezas oficiales hasta ese momento.<em>\u00a0&#8220;Hay otras alternativas que no son el confinamiento&#8221;\u00a0<\/em>dijo, y otra vez lo podemos ver en una vereda bien opuesta al gobierno, en este caso nacional.<\/p>\n<p>&nbsp;<\/p>\n<p><strong>Un extracto<\/strong><\/p>\n<p>&nbsp;<\/p>\n<p>Estos temas, y otros m\u00e1s de la actualidad del \u00e1mbito pol\u00edtico local, se publicaron en la edici\u00f3n de este domingo del newsletter Volver a las Fuentes \u2013en esta edici\u00f3n,\u00a0<strong>\u201cHay mejoras, pero m\u00e1s hay\u00a0cautela\u201d<\/strong>\u00a0\u2013 que escriben semanalmente\u00a0<strong>Alexis Grierson<\/strong>\u00a0y\u00a0<strong>Josefina Bargas<\/strong>.<\/p>\n<p>&nbsp;<\/p>\n<p>La publicaci\u00f3n es gratuita, sale todos los domingos a la ma\u00f1ana. <a href=\"https:\/\/mailchi.mp\/e3c39bfe70fe\/un-ojo-en-el-hospital-y-otro-en-el-bolsillo\" target=\"_blank\" rel=\"noopener\">La\u00a0edici\u00f3n completa ac\u00e1<\/a>\u00a0y\u00a0la<a href=\"https:\/\/gmail.us17.list-manage.com\/subscribe?u=cba2a41506a8e26d100c3f0f8&amp;id=63ce583cd9\" target=\"_blank\" rel=\"noopener\">\u00a0suscripci\u00f3n est\u00e1 abierta aqu\u00ed.<\/a><\/p>\n","protected":false},"excerpt":{"rendered":"<p>El confinamiento, las decisiones y el plan para llegar m\u00e1s lejos en la vacunaci\u00f3n. La crisis comercial y, mientras tanto,<\/p>\n","protected":false},"author":3,"featured_media":22224,"comment_status":"closed","ping_status":"closed","sticky":false,"template":"","format":"standard","meta":{"_jetpack_memberships_contains_paid_content":false,"footnotes":""},"categories":[4,1],"tags":[],"class_list":["post-22211","post","type-post","status-publish","format-standard","has-post-thumbnail","hentry","category-politica","category-portada"],"jetpack_featured_media_url":"https:\/\/i0.wp.com\/cdnoticias.com\/wp-content\/uploads\/2021\/05\/WhatsApp-Image-2021-05-22-at-20.29.52.jpeg?fit=1152%2C768&ssl=1","jetpack_sharing_enabled":true,"_links":{"self":[{"href":"https:\/\/cdnoticias.com\/index.php\/wp-json\/wp\/v2\/posts\/22211","targetHints":{"allow":["GET"]}}],"collection":[{"href":"https:\/\/cdnoticias.com\/index.php\/wp-json\/wp\/v2\/posts"}],"about":[{"href":"https:\/\/cdnoticias.com\/index.php\/wp-json\/wp\/v2\/types\/post"}],"author":[{"embeddable":true,"href":"https:\/\/cdnoticias.com\/index.php\/wp-json\/wp\/v2\/users\/3"}],"replies":[{"embeddable":true,"href":"https:\/\/cdnoticias.com\/index.php\/wp-json\/wp\/v2\/comments?post=22211"}],"version-history":[{"count":0,"href":"https:\/\/cdnoticias.com\/index.php\/wp-json\/wp\/v2\/posts\/22211\/revisions"}],"wp:featuredmedia":[{"embeddable":true,"href":"https:\/\/cdnoticias.com\/index.php\/wp-json\/wp\/v2\/media\/22224"}],"wp:attachment":[{"href":"https:\/\/cdnoticias.com\/index.php\/wp-json\/wp\/v2\/media?parent=22211"}],"wp:term":[{"taxonomy":"category","embeddable":true,"href":"https:\/\/cdnoticias.com\/index.php\/wp-json\/wp\/v2\/categories?post=22211"},{"taxonomy":"post_tag","embeddable":true,"href":"https:\/\/cdnoticias.com\/index.php\/wp-json\/wp\/v2\/tags?post=22211"}],"curies":[{"name":"wp","href":"https:\/\/api.w.org\/{rel}","templated":true}]}}