{"id":22207,"date":"2021-05-23T10:26:33","date_gmt":"2021-05-23T13:26:33","guid":{"rendered":"http:\/\/www.centraldenoticias.com.ar\/?p=22207"},"modified":"2021-05-23T10:26:54","modified_gmt":"2021-05-23T13:26:54","slug":"como-seguira-el-tiempo-durante-las-proximas-horas","status":"publish","type":"post","link":"https:\/\/cdnoticias.com\/index.php\/2021\/05\/23\/como-seguira-el-tiempo-durante-las-proximas-horas\/","title":{"rendered":"C\u00f3mo seguir\u00e1 el tiempo durante las pr\u00f3ximas horas"},"content":{"rendered":"<p>Durante el viernes y s\u00e1bado llovieron cerca de 80 mm. Pero durante los pr\u00f3ximos d\u00edas el protagonista ser\u00e1, en cambio, el viento.<!--more--><\/p>\n<hr \/>\n<p><strong>La lluvia dej\u00f3 su lugar al viento<\/strong>. De esa manera podr\u00eda resumirse, a grandes rasgos, qui\u00e9n pasar\u00e1 a tener el rol protag\u00f3nico en materia clim\u00e1tica durante los pr\u00f3ximos d\u00edas, <strong>de acuerdo al pron\u00f3stico emitido en las \u00faltimas horas desde el Servicio Meteorol\u00f3gico Nacional.<\/strong><\/p>\n<p>&nbsp;<\/p>\n<p>Afortunadamente para los pr\u00f3ximos d\u00edas las previsiones arrojan probabilidades bajas y nulas de precipitaciones, tras un fin de semana en el que llovieron cerca de 80 mm. Tal es as\u00ed que <strong>desde la Estaci\u00f3n Metereol\u00f3gica local se precis\u00f3 que el registro de lluvias de entre el viernes y s\u00e1bado arroj\u00f3 78.2 mm, valores que hab\u00edan sido anticipados en los alertas y comunicados emitidos en las \u00faltimas horas.<\/strong><\/p>\n<p>&nbsp;<\/p>\n<p><img data-recalc-dims=\"1\" loading=\"lazy\" decoding=\"async\" class=\"alignnone size-full wp-image-22209\" src=\"https:\/\/i0.wp.com\/cdnoticias.com\/wp-content\/uploads\/2021\/05\/clima-1.jpg?resize=800%2C337&#038;ssl=1\" alt=\"\" width=\"800\" height=\"337\" \/><\/p>\n<p>&nbsp;<\/p>\n<p>El dato a tener en cuenta ahora es qu\u00e9 suceder\u00e1 con los vientos. Lo alentador es que<strong> Olavarr\u00eda, al menos por el momento, no se encuentran en zona de influencia de alertas<\/strong>, aunque para los pr\u00f3ximos d\u00edas se anticipan jornadas sumamente ventosas.\u00a0Para lo que resta de este domingo\u00a0<strong>se estimaron r\u00e1fagas que podr\u00edan ser de hasta 50 km\/h<\/strong>, un fen\u00f3meno que se reduce con el correr de las horas. Se estima una m\u00e1xima de 15 grados durante la tarde y una m\u00ednima de 8 grados en la noche. El lunes no presenta valores mucho m\u00e1s altos, la <strong>m\u00ednima fue estimada en 5 grados durante la madrugada, mientras que la m\u00e1xima trepar\u00e1 a los 17 grados en la tarde.<\/strong><\/p>\n<p>&nbsp;<\/p>\n<p>El dato a tener en cuenta es que con el arribo de la tarde del lunes se dar\u00eda tambi\u00e9n<strong> un importante incremento en la velocidad de los vientos, con valores permanentes de entre 20 y 30 kil\u00f3metros, pero con r\u00e1fagas que podr\u00edan duplicar esos registros<\/strong>. Condiciones similares se anticipan para la primera parte del martes.<\/p>\n","protected":false},"excerpt":{"rendered":"<p>Durante el viernes y s\u00e1bado llovieron cerca de 80 mm. Pero durante los pr\u00f3ximos d\u00edas el protagonista ser\u00e1, en cambio,<\/p>\n","protected":false},"author":3,"featured_media":22208,"comment_status":"closed","ping_status":"closed","sticky":false,"template":"","format":"standard","meta":{"_jetpack_memberships_contains_paid_content":false,"footnotes":""},"categories":[5,1],"tags":[],"class_list":["post-22207","post","type-post","status-publish","format-standard","has-post-thumbnail","hentry","category-informacion-general","category-portada"],"jetpack_featured_media_url":"https:\/\/i0.wp.com\/cdnoticias.com\/wp-content\/uploads\/2021\/05\/portada-clima.jpg?fit=800%2C445&ssl=1","jetpack_sharing_enabled":true,"_links":{"self":[{"href":"https:\/\/cdnoticias.com\/index.php\/wp-json\/wp\/v2\/posts\/22207","targetHints":{"allow":["GET"]}}],"collection":[{"href":"https:\/\/cdnoticias.com\/index.php\/wp-json\/wp\/v2\/posts"}],"about":[{"href":"https:\/\/cdnoticias.com\/index.php\/wp-json\/wp\/v2\/types\/post"}],"author":[{"embeddable":true,"href":"https:\/\/cdnoticias.com\/index.php\/wp-json\/wp\/v2\/users\/3"}],"replies":[{"embeddable":true,"href":"https:\/\/cdnoticias.com\/index.php\/wp-json\/wp\/v2\/comments?post=22207"}],"version-history":[{"count":0,"href":"https:\/\/cdnoticias.com\/index.php\/wp-json\/wp\/v2\/posts\/22207\/revisions"}],"wp:featuredmedia":[{"embeddable":true,"href":"https:\/\/cdnoticias.com\/index.php\/wp-json\/wp\/v2\/media\/22208"}],"wp:attachment":[{"href":"https:\/\/cdnoticias.com\/index.php\/wp-json\/wp\/v2\/media?parent=22207"}],"wp:term":[{"taxonomy":"category","embeddable":true,"href":"https:\/\/cdnoticias.com\/index.php\/wp-json\/wp\/v2\/categories?post=22207"},{"taxonomy":"post_tag","embeddable":true,"href":"https:\/\/cdnoticias.com\/index.php\/wp-json\/wp\/v2\/tags?post=22207"}],"curies":[{"name":"wp","href":"https:\/\/api.w.org\/{rel}","templated":true}]}}